{"id":316782,"date":"2026-07-27T09:03:09","date_gmt":"2026-07-27T09:03:09","guid":{"rendered":"https:\/\/www.europesays.com\/se\/316782\/"},"modified":"2026-07-27T09:03:09","modified_gmt":"2026-07-27T09:03:09","slug":"ryan-gosling-klar-for-marvel-spelar-nya-ghost-rider","status":"publish","type":"post","link":"https:\/\/www.europesays.com\/se\/316782\/","title":{"rendered":"Ryan Gosling klar f\u00f6r Marvel &#8211; spelar nya Ghost Rider"},"content":{"rendered":"<p data-path-to-node=\"4\"><strong>Ryan Gosling<\/strong> kliver officiellt in i MCU. Under Marvel Studios panel p\u00e5 Comic-Con presenterade studiochefen Kevin Feige att stj\u00e4rnan har landat huvudrollen som den ikoniska antihj\u00e4lten <strong>Ghost Rider<\/strong> i en helt ny separat l\u00e5ngfilm.<\/p>\n<p data-path-to-node=\"5\">Filmen regisseras av Shawn Levy, som senast sk\u00f6rdade stora framg\u00e5ngar med Deadpool &amp; Wolverine. Manuset skrivs av Jonathan Tropper, och filmen ber\u00e4knas f\u00e5 biopremi\u00e4r under 2028.<\/p>\n<p>Fr\u00e5n Nicolas Cage till Ryan Gosling<\/p>\n<p data-path-to-node=\"8\">Ghost Rider, den mc-\u00e5kande stuntmannen Johnny Blaze som s\u00e4ljer sin sj\u00e4l till dj\u00e4vulen och f\u00f6rvandlas till ett brinnande skelett, spelas nu f\u00f6r f\u00f6rsta g\u00e5ngen inom MCU. Tidigare har karakt\u00e4ren portr\u00e4tterats av Nicolas Cage i tv\u00e5 filmer under tidigt 2000-tal, samt av Gabriel Luna i TV-serien Agents of S.H.I.E.L.D..<\/p>\n<blockquote data-path-to-node=\"9\">\n<p data-path-to-node=\"9,0\">\u201dN\u00e4r Ryan b\u00f6rjade prata om den h\u00e4r karakt\u00e4ren var jag direkt \u2019Bro, let\u2019s ride\u2019. Vi ses 2028!\u201d sa regiss\u00f6ren Shawn Levy p\u00e5 scenen under tillk\u00e4nnagivandet.<\/p>\n<\/blockquote>\n<p data-path-to-node=\"10\">Gosling och Levy har nyligen avslutat sitt arbete tillsammans med storfilmen Star Wars: Starfighter som f\u00e5r premi\u00e4r under 2027, och nu laddar duon om f\u00f6r Marvels mest ikoniska motorcykel\u00e5kare.<\/p>\n","protected":false},"excerpt":{"rendered":"Ryan Gosling kliver officiellt in i MCU. Under Marvel Studios panel p\u00e5 Comic-Con presenterade studiochefen Kevin Feige att&hellip;\n","protected":false},"author":2,"featured_media":316783,"comment_status":"","ping_status":"","sticky":false,"template":"","format":"standard","meta":{"footnotes":"","_share_on_mastodon":"0"},"categories":[67],"tags":[104,32495,2390,32496,32497,34,31,33,32,30,105],"class_list":["post-316782","post","type-post","status-publish","format-standard","has-post-thumbnail","category-underhallning","tag-entertainment","tag-ghost-rider","tag-marvel","tag-mcu","tag-ryan-gosling","tag-se","tag-svenska","tag-sverige","tag-sweden","tag-swedish","tag-underhallning"],"share_on_mastodon":{"url":"https:\/\/pubeurope.com\/@se\/116991138486576722","error":""},"_links":{"self":[{"href":"https:\/\/www.europesays.com\/se\/wp-json\/wp\/v2\/posts\/316782","targetHints":{"allow":["GET"]}}],"collection":[{"href":"https:\/\/www.europesays.com\/se\/wp-json\/wp\/v2\/posts"}],"about":[{"href":"https:\/\/www.europesays.com\/se\/wp-json\/wp\/v2\/types\/post"}],"author":[{"embeddable":true,"href":"https:\/\/www.europesays.com\/se\/wp-json\/wp\/v2\/users\/2"}],"replies":[{"embeddable":true,"href":"https:\/\/www.europesays.com\/se\/wp-json\/wp\/v2\/comments?post=316782"}],"version-history":[{"count":0,"href":"https:\/\/www.europesays.com\/se\/wp-json\/wp\/v2\/posts\/316782\/revisions"}],"wp:featuredmedia":[{"embeddable":true,"href":"https:\/\/www.europesays.com\/se\/wp-json\/wp\/v2\/media\/316783"}],"wp:attachment":[{"href":"https:\/\/www.europesays.com\/se\/wp-json\/wp\/v2\/media?parent=316782"}],"wp:term":[{"taxonomy":"category","embeddable":true,"href":"https:\/\/www.europesays.com\/se\/wp-json\/wp\/v2\/categories?post=316782"},{"taxonomy":"post_tag","embeddable":true,"href":"https:\/\/www.europesays.com\/se\/wp-json\/wp\/v2\/tags?post=316782"}],"curies":[{"name":"wp","href":"https:\/\/api.w.org\/{rel}","templated":true}]}}