{"id":31696,"date":"2025-09-16T13:03:15","date_gmt":"2025-09-16T13:03:15","guid":{"rendered":"https:\/\/www.europesays.com\/se\/31696\/"},"modified":"2025-09-16T13:03:15","modified_gmt":"2025-09-16T13:03:15","slug":"svenskar-gripna-i-portugal-ska-ha-lurat-aldre-pa-100-miljoner","status":"publish","type":"post","link":"https:\/\/www.europesays.com\/se\/31696\/","title":{"rendered":"Svenskar gripna i Portugal\u00a0\u2013\u00a0ska ha lurat \u00e4ldre p\u00e5 100 miljoner"},"content":{"rendered":"<p>Publicerad 16 sep 2025 kl 14.02Uppdaterad kl 14.59<\/p>\n<p>Tre svenska m\u00e4n har gripits i en stor insats i Portugal, meddelar polisen.<\/p>\n<p>De misst\u00e4nks ha varit med och lurat \u00e4ldre p\u00e5 100 till 150 miljoner kronor.\u00a0<\/p>\n<p>\u2013 De har roffat \u00e5t sig s\u00e5 mycket pengar de kan, s\u00e4ger utredningsledaren Johan Sangby.\u00a0<\/p>\n<p>Nyheter, reportage och analyser i Sverige och i \u00f6vriga v\u00e4rlden.<img   alt=\"\"\/><\/p>\n<p>Tre svenskar har gripits i Portugal.<\/p>\n<p>Foto: PELLE T NILSSON \/ SPA SPA | SWEDISH PRESS AGENCY<\/p>\n<p>\u00d6ppna bild i helsk\u00e4rm<img loading=\"lazy\"   alt=\"\"\/><\/p>\n<p>En av svenskarna greps i Lissabon. De andra tv\u00e5 p\u00e5 Algarvekusten.<\/p>\n<p>Foto: DanKe \/ Shutterstock<\/p>\n<p>\u00d6ppna bild i helsk\u00e4rm<\/p>\n<p>Gripandet har skett inom ett samarbete mellan svensk, spansk och portugisisk polis med hj\u00e4lp av Europol.<\/p>\n<p>\u2013 Det k\u00e4nns j\u00e4tteroligt och tillfredsst\u00e4llande att de \u00e4r gripna och att vi har haft en stor framg\u00e5ng i \u00e4rendet, s\u00e4ger Johan Sangby, utredningsledare f\u00f6r det svenska arbetet i insatsen.<\/p>\n<p>De tre svenskarna \u00e4r m\u00e4n mellan 20 och 30 \u00e5r. De \u00e4r misst\u00e4nkta f\u00f6r penningtv\u00e4tt och samr\u00f6re med kriminella n\u00e4tverk. Alla tre \u00e4r k\u00e4nda av polisen sedan tidigare och har d\u00f6mts f\u00f6r liknande brott.\u00a0<\/p>\n<p>En av svenskarna greps i Lissabon och de andra tv\u00e5 p\u00e5 Algarvekusten i s\u00f6dra <a href=\"https:\/\/www.expressen.se\/tagg\/location\/portugal\/\" class=\"\" rel=\"nofollow noopener\" target=\"_blank\">Portugal<\/a>.\u00a0<\/p>\n<p>Ytterligare 60 personer \u00e4r misst\u00e4nkta f\u00f6r inblandning i brotten och har ocks\u00e5 gripits i Portugal. De gripna svenskarna tros ha haft ledande roller inom n\u00e4tverket.\u00a0<\/p>\n<p>Utredningen har p\u00e5g\u00e5tt i drygt ett \u00e5rs tid. Johan Sangby flaggar f\u00f6r att fler gripanden kan komma att ske kopplat till h\u00e4rvan.<\/p>\n<p>Kan ha stulit flera miljoner per g\u00e5ng\u00a0<\/p>\n<p>Den misst\u00e4nkta brottsligheten b\u00f6rjade 2023 och har g\u00e5tt ut p\u00e5 att bedragarna har ringt och sms:at ett stort antal personer, fr\u00e4mst \u00e4ldre, f\u00f6r att lura dem p\u00e5 pengar.\u00a0<\/p>\n<p>\u00d6ver tusen m\u00e5ls\u00e4ganden har lurats att ladda ner programvara p\u00e5 datorn, varp\u00e5 bedragarna har kunnat fj\u00e4rrstyra datorerna och lurat till sig stora summor pengar. Enligt polisen r\u00f6r det sig om 100 till 150 miljoner kronor.\u00a0<\/p>\n<p>\u2013 Oftast \u00e4r det s\u00e5 att man blivit av med alla pengar man har. Det beror p\u00e5, men bedragarna brukar roffa \u00e5t sig s\u00e5 mycket pengar man kan, det kan r\u00f6ra sig om 10 000 kronor till flera miljoner per g\u00e5ng, s\u00e4ger Johan Sangby.\u00a0<\/p>\n<p>Nu forts\u00e4tter utredningen i jakt p\u00e5 \u00f6vriga misst\u00e4nkta.\u00a0<\/p>\n<p>\u2013 Vi har bra sp\u00e5r efter de andra, s\u00e4ger Sangby.\u00a0<\/p>\n","protected":false},"excerpt":{"rendered":"Publicerad 16 sep 2025 kl 14.02Uppdaterad kl 14.59 Tre svenska m\u00e4n har gripits i en stor insats i&hellip;\n","protected":false},"author":2,"featured_media":31697,"comment_status":"","ping_status":"","sticky":false,"template":"","format":"standard","meta":{"footnotes":""},"categories":[68],"tags":[3508,3507,499,34,154,111,110,31,33,32,30,668],"class_list":{"0":"post-31696","1":"post","2":"type-post","3":"status-publish","4":"format-standard","5":"has-post-thumbnail","7":"category-sport","8":"tag-location-algarve","9":"tag-location-lissabon","10":"tag-location-portugal","11":"tag-se","12":"tag-sections-sverige","13":"tag-sport","14":"tag-sports","15":"tag-svenska","16":"tag-sverige","17":"tag-sweden","18":"tag-swedish","19":"tag-topic-gangkriminalitet"},"share_on_mastodon":{"url":"","error":""},"_links":{"self":[{"href":"https:\/\/www.europesays.com\/se\/wp-json\/wp\/v2\/posts\/31696","targetHints":{"allow":["GET"]}}],"collection":[{"href":"https:\/\/www.europesays.com\/se\/wp-json\/wp\/v2\/posts"}],"about":[{"href":"https:\/\/www.europesays.com\/se\/wp-json\/wp\/v2\/types\/post"}],"author":[{"embeddable":true,"href":"https:\/\/www.europesays.com\/se\/wp-json\/wp\/v2\/users\/2"}],"replies":[{"embeddable":true,"href":"https:\/\/www.europesays.com\/se\/wp-json\/wp\/v2\/comments?post=31696"}],"version-history":[{"count":0,"href":"https:\/\/www.europesays.com\/se\/wp-json\/wp\/v2\/posts\/31696\/revisions"}],"wp:featuredmedia":[{"embeddable":true,"href":"https:\/\/www.europesays.com\/se\/wp-json\/wp\/v2\/media\/31697"}],"wp:attachment":[{"href":"https:\/\/www.europesays.com\/se\/wp-json\/wp\/v2\/media?parent=31696"}],"wp:term":[{"taxonomy":"category","embeddable":true,"href":"https:\/\/www.europesays.com\/se\/wp-json\/wp\/v2\/categories?post=31696"},{"taxonomy":"post_tag","embeddable":true,"href":"https:\/\/www.europesays.com\/se\/wp-json\/wp\/v2\/tags?post=31696"}],"curies":[{"name":"wp","href":"https:\/\/api.w.org\/{rel}","templated":true}]}}