{"id":31721,"date":"2025-09-16T13:26:14","date_gmt":"2025-09-16T13:26:14","guid":{"rendered":"https:\/\/www.europesays.com\/se\/31721\/"},"modified":"2025-09-16T13:26:14","modified_gmt":"2025-09-16T13:26:14","slug":"tomas-tompa-lindberg-fran-at-the-gates-ar-dod","status":"publish","type":"post","link":"https:\/\/www.europesays.com\/se\/31721\/","title":{"rendered":"Tomas Tompa Lindberg fr\u00e5n At the Gates \u00e4r d\u00f6d"},"content":{"rendered":"<p>Publicerad 16 sep 2025 kl 12.42Uppdaterad kl 13.47<\/p>\n<p>At the gates-s\u00e5ngaren Tomas \u201dTompa\u201d Lindberg \u00e4r d\u00f6d, ber\u00e4ttar familjen f\u00f6r <a href=\"https:\/\/www.svt.se\/kultur\/at-the-gates-sangaren-tomas-tompa-lindberg-ar-dod\" rel=\"nofollow noopener\" target=\"_blank\">SVT Kulturnyheterna.<\/a>\u00a0<\/p>\n<p>Han blev 52 \u00e5r.<\/p>\n<p><img   alt=\"\"\/><\/p>\n<p>Tomas Lindberg (n\u00e4rmast) och Anders Bj\u00f6rler i At the gates 2014.<\/p>\n<p>Foto: ADAM IHSE \/ TT \/ TT NYHETSBYR\u00c5N<\/p>\n<p>\u00d6ppna bild i helsk\u00e4rm<img loading=\"lazy\"   alt=\"\"\/><\/p>\n<p>Tomas Lindberg blev 52 \u00e5r.<\/p>\n<p>Foto: ADAM IHSE \/ TT<\/p>\n<p>\u00d6ppna bild i helsk\u00e4rm<\/p>\n<p>Lindberg var s\u00e5ngare i melodisk death metal-bandet At the gates, som bildades i G\u00f6teborg 1990. De gjorde comeback 2007 och har sedan dess gjort en hel del musik.\u00a0<\/p>\n<p>Ett av bandets mest inflytelserika album \u201dSlaughter of the soul\u201d sl\u00e4pptes 1995 och har haft stort inflytande p\u00e5 genren v\u00e4rlden \u00f6ver.<\/p>\n<p>Bandet anses stilbildande inom det som kommit att kallas \u201dThe Gothenburg sound\u201d.<\/p>\n<p>I augusti gick Lindberg ut med att han drabbats av cancer.<\/p>\n<p>\u201dI december 2023 diagnosticerades jag med adenoidcystisk cancer (en cancer i munnen) och har sedan dess g\u00e5tt igenom mycket, det har varit ett v\u00e4ldigt jobbigt \u00e5r\u201d, skrev han p\u00e5 At the gates Instagram.<\/p>\n<p>\u201dG\u00e5r inte att f\u00e5 bort\u201d<\/p>\n<p>Han skrev ocks\u00e5 att han opererats tv\u00e5 g\u00e5nger och f\u00e5tt str\u00e5lbehandling.<\/p>\n<p>\u201dNu, i b\u00f6rjan av 2025, har de hittat kvarvarande cancer, och det g\u00e5r inte att f\u00e5 bort med operation eller str\u00e5lning\u201d, skrev han ocks\u00e5.<\/p>\n<p>Tomas Lindberg blev 52 \u00e5r.\u00a0<\/p>\n","protected":false},"excerpt":{"rendered":"Publicerad 16 sep 2025 kl 12.42Uppdaterad kl 13.47 At the gates-s\u00e5ngaren Tomas \u201dTompa\u201d Lindberg \u00e4r d\u00f6d, ber\u00e4ttar familjen&hellip;\n","protected":false},"author":2,"featured_media":31722,"comment_status":"","ping_status":"","sticky":false,"template":"","format":"standard","meta":{"footnotes":""},"categories":[5],"tags":[22,23,26,27,17,21,24,25,28,29,15,16,3510,18,34,775,31,33,32,30,19,427,20],"class_list":{"0":"post-31721","1":"post","2":"type-post","3":"status-publish","4":"format-standard","5":"has-post-thumbnail","7":"category-rubriker","8":"tag-breaking-news","9":"tag-breakingnews","10":"tag-featured-news","11":"tag-featurednews","12":"tag-headlines","13":"tag-huvudnyheter","14":"tag-latest-news","15":"tag-latestnews","16":"tag-main-news","17":"tag-mainnews","18":"tag-news","19":"tag-nyheter","20":"tag-organization-at-the-gates","21":"tag-rubriker","22":"tag-se","23":"tag-sections-musik","24":"tag-svenska","25":"tag-sverige","26":"tag-sweden","27":"tag-swedish","28":"tag-top-stories","29":"tag-topic-dodsfall","30":"tag-topstories"},"share_on_mastodon":{"url":"","error":""},"_links":{"self":[{"href":"https:\/\/www.europesays.com\/se\/wp-json\/wp\/v2\/posts\/31721","targetHints":{"allow":["GET"]}}],"collection":[{"href":"https:\/\/www.europesays.com\/se\/wp-json\/wp\/v2\/posts"}],"about":[{"href":"https:\/\/www.europesays.com\/se\/wp-json\/wp\/v2\/types\/post"}],"author":[{"embeddable":true,"href":"https:\/\/www.europesays.com\/se\/wp-json\/wp\/v2\/users\/2"}],"replies":[{"embeddable":true,"href":"https:\/\/www.europesays.com\/se\/wp-json\/wp\/v2\/comments?post=31721"}],"version-history":[{"count":0,"href":"https:\/\/www.europesays.com\/se\/wp-json\/wp\/v2\/posts\/31721\/revisions"}],"wp:featuredmedia":[{"embeddable":true,"href":"https:\/\/www.europesays.com\/se\/wp-json\/wp\/v2\/media\/31722"}],"wp:attachment":[{"href":"https:\/\/www.europesays.com\/se\/wp-json\/wp\/v2\/media?parent=31721"}],"wp:term":[{"taxonomy":"category","embeddable":true,"href":"https:\/\/www.europesays.com\/se\/wp-json\/wp\/v2\/categories?post=31721"},{"taxonomy":"post_tag","embeddable":true,"href":"https:\/\/www.europesays.com\/se\/wp-json\/wp\/v2\/tags?post=31721"}],"curies":[{"name":"wp","href":"https:\/\/api.w.org\/{rel}","templated":true}]}}