{"id":31729,"date":"2025-09-16T13:34:21","date_gmt":"2025-09-16T13:34:21","guid":{"rendered":"https:\/\/www.europesays.com\/se\/31729\/"},"modified":"2025-09-16T13:34:21","modified_gmt":"2025-09-16T13:34:21","slug":"tidopartierna-stoppar-johan-forssell-fran-utskott","status":"publish","type":"post","link":"https:\/\/www.europesays.com\/se\/31729\/","title":{"rendered":"Tid\u00f6partierna stoppar Johan Forssell fr\u00e5n utskott"},"content":{"rendered":"<p>Publicerad 16 sep 2025 kl 12.20Uppdaterad kl 14.00<\/p>\n<p>V, S och MP ville kalla Johan Forssell (M) till utskottet \u2013\u00a0f\u00f6r att fr\u00e5ga ut ministern om avsl\u00f6jandet att hans son r\u00f6rt sig i h\u00f6gerextrema kretsar.<\/p>\n<p>Men Tid\u00f6partierna s\u00e4ger nu nej.<\/p>\n<p>\u2013 Att en minister inte kommer till riksdagen f\u00f6r att svara p\u00e5 fr\u00e5gor v\u00e4cker bara mer misst\u00e4nksamhet, s\u00e4ger Tony Haddou (V).<\/p>\n<p>Senaste nyhetsklippen fr\u00e5n Expressen.<img   alt=\"\"\/><\/p>\n<p>Migrationsminister Johan Forssell (M).<\/p>\n<p>Foto: ANNA-KARIN NILSSON<\/p>\n<p>\u00d6ppna bild i helsk\u00e4rm<\/p>\n<p>V\u00e4nsterpartiet, med st\u00f6d av Socialdemokraterna och Milj\u00f6partiet, ville kalla migrationsminister <a href=\"https:\/\/www.expressen.se\/tagg\/person\/johan-forssell\/\" class=\"\" rel=\"nofollow noopener\" target=\"_blank\">Johan Forssell<\/a> (M) till socialf\u00f6rs\u00e4kringsutskottet, f\u00f6r att st\u00e4lla fr\u00e5gor till ministern om Expos avsl\u00f6jande i somras, att Forssells son varit aktiv i h\u00f6gerextrema organisationer.\u00a0<\/p>\n<p>Men Tid\u00f6partierna i utskottet sa i dag nej till att bjuda in Johan Forssell, uppger V\u00e4nsterpartiets Tony Haddou, vice ordf\u00f6rande i socialf\u00f6rs\u00e4kringsutskottet.<\/p>\n<p>\u2013 Det har aldrig h\u00e4nt tidigare i v\u00e5rt utskott. Tid\u00f6partierna fr\u00e5ng\u00e5r principen att l\u00e5ta oppositionen bjuda in en minister till utskottet f\u00f6r att st\u00e4lla fr\u00e5gor, s\u00e4ger han.<\/p>\n<p>V, S och MP reserverade sig mot beslutet.<\/p>\n<p>\u2013 Det h\u00e4r handlar inte bara om ministerns son. Det handlar om hans tj\u00e4nsteut\u00f6vande, s\u00e4ger Tony Haddou.<\/p>\n<p>Obesvarade fr\u00e5gor om Forssells son<\/p>\n<p>Han menar att det finns obesvarade fr\u00e5gor kvar kring aff\u00e4ren, kring vad ministern k\u00e4nt till och inte om sonens aktiviteter. Och vilken information ministern eventuellt kan ha tagit med sig hem.<\/p>\n<p>\u2013 Vi vill ha korten p\u00e5 bordet. Det h\u00e4r \u00e4r ett v\u00e4ldigt allvarligt avsl\u00f6jande, som inte blivit mindre aktuellt. Vi har inte h\u00f6rt ministern svara p\u00e5 fr\u00e5gor f\u00f6rutom i TV4-intervjun, d\u00e4r han fick ge sin bild.<\/p>\n<p>I TV4:s \u201dNyhetsmorgon\u201d ber\u00e4ttade Johan Forssell att sonen brutit med de h\u00f6gerextrema organisationerna och att han tar avst\u00e5nd fr\u00e5n all extremism.\u00a0<\/p>\n<p>Hur partierna g\u00e5r vidare nu \u00e5terst\u00e5r att se.<\/p>\n<p>\u2013 Vi f\u00e5r \u00e5terkomma till det. Vi utesluter inget f\u00f6r att f\u00e5 svar p\u00e5 v\u00e5ra fr\u00e5gor. Att en minister inte kommer till riksdagen f\u00f6r att svara p\u00e5 fr\u00e5gor v\u00e4cker bara mer misst\u00e4nksamhet, s\u00e4ger Tony Haddou.<\/p>\n<p>Moderaterna: T\u00e4nker sj\u00e4lvklart inte medverka<\/p>\n<p>Men enligt Moderaternas Viktor W\u00e4rnick, ordf\u00f6rande i socialf\u00f6rs\u00e4kringsutskottet, var det sj\u00e4lvklart f\u00f6r Tid\u00f6partierna att stoppa beg\u00e4ran att kalla ministern.<\/p>\n<p>\u2013 En anst\u00e4ndighetens gr\u00e4ns har passerats n\u00e4r V, MP och S vill anv\u00e4nda en f\u00f6rtroendevalds minder\u00e5riga barn som ett slagtr\u00e4 i den politiska debatten. Vi t\u00e4nker sj\u00e4lvklart inte medverka till detta, eftersom det inte har n\u00e5got med statsr\u00e5dets tj\u00e4nsteut\u00f6vning eller utskottets beredningsomr\u00e5de att g\u00f6ra, s\u00e4ger han i en kommentar.<\/p>\n<p><strong>L\u00c4S MER: <\/strong><a href=\"https:\/\/www.expressen.se\/nyheter\/sverige\/v-kravet-pa-forssell-vill-fortfarande--ha-svar-i-utskottet\/\" class=\"\" rel=\"nofollow noopener\" target=\"_blank\">V-kravet p\u00e5 Forssell \u2013 vill fortfarande ha svar i utskottet<\/a><\/p>\n","protected":false},"excerpt":{"rendered":"Publicerad 16 sep 2025 kl 12.20Uppdaterad kl 14.00 V, S och MP ville kalla Johan Forssell (M) till&hellip;\n","protected":false},"author":2,"featured_media":31730,"comment_status":"","ping_status":"","sticky":false,"template":"","format":"standard","meta":{"footnotes":""},"categories":[5],"tags":[22,23,26,27,17,21,24,25,28,29,15,16,1602,18,34,583,31,33,32,30,19,152,485,20],"class_list":{"0":"post-31729","1":"post","2":"type-post","3":"status-publish","4":"format-standard","5":"has-post-thumbnail","7":"category-rubriker","8":"tag-breaking-news","9":"tag-breakingnews","10":"tag-featured-news","11":"tag-featurednews","12":"tag-headlines","13":"tag-huvudnyheter","14":"tag-latest-news","15":"tag-latestnews","16":"tag-main-news","17":"tag-mainnews","18":"tag-news","19":"tag-nyheter","20":"tag-person-johan-forssell","21":"tag-rubriker","22":"tag-se","23":"tag-sections-politik","24":"tag-svenska","25":"tag-sverige","26":"tag-sweden","27":"tag-swedish","28":"tag-top-stories","29":"tag-topic-inrikespolitik","30":"tag-topic-politik","31":"tag-topstories"},"share_on_mastodon":{"url":"","error":""},"_links":{"self":[{"href":"https:\/\/www.europesays.com\/se\/wp-json\/wp\/v2\/posts\/31729","targetHints":{"allow":["GET"]}}],"collection":[{"href":"https:\/\/www.europesays.com\/se\/wp-json\/wp\/v2\/posts"}],"about":[{"href":"https:\/\/www.europesays.com\/se\/wp-json\/wp\/v2\/types\/post"}],"author":[{"embeddable":true,"href":"https:\/\/www.europesays.com\/se\/wp-json\/wp\/v2\/users\/2"}],"replies":[{"embeddable":true,"href":"https:\/\/www.europesays.com\/se\/wp-json\/wp\/v2\/comments?post=31729"}],"version-history":[{"count":0,"href":"https:\/\/www.europesays.com\/se\/wp-json\/wp\/v2\/posts\/31729\/revisions"}],"wp:featuredmedia":[{"embeddable":true,"href":"https:\/\/www.europesays.com\/se\/wp-json\/wp\/v2\/media\/31730"}],"wp:attachment":[{"href":"https:\/\/www.europesays.com\/se\/wp-json\/wp\/v2\/media?parent=31729"}],"wp:term":[{"taxonomy":"category","embeddable":true,"href":"https:\/\/www.europesays.com\/se\/wp-json\/wp\/v2\/categories?post=31729"},{"taxonomy":"post_tag","embeddable":true,"href":"https:\/\/www.europesays.com\/se\/wp-json\/wp\/v2\/tags?post=31729"}],"curies":[{"name":"wp","href":"https:\/\/api.w.org\/{rel}","templated":true}]}}