{"id":31750,"date":"2025-09-16T13:58:22","date_gmt":"2025-09-16T13:58:22","guid":{"rendered":"https:\/\/www.europesays.com\/se\/31750\/"},"modified":"2025-09-16T13:58:22","modified_gmt":"2025-09-16T13:58:22","slug":"mans-zelmerlow-petas-fran-panelen-i-masked-singer","status":"publish","type":"post","link":"https:\/\/www.europesays.com\/se\/31750\/","title":{"rendered":"M\u00e5ns Zelmerl\u00f6w petas fr\u00e5n panelen i Masked singer"},"content":{"rendered":"<p>Publicerad 16 sep 2025 kl 15.37<\/p>\n<p>M\u00e5ns Zelmerl\u00f6w petas fr\u00e5n TV4-succ\u00e9n \u2013 nu l\u00e4mnar han panelen i \u201dMasked singer\u201d, enligt Expressens uppgifter.\u00a0<\/p>\n<p><img loading=\"lazy\"   alt=\"\"\/><\/p>\n<p>M\u00e5ns Zelmerl\u00f6w som panelmedlem.<\/p>\n<p>Foto: Karin T\u00f6rnblom \/ IBL<\/p>\n<p>\u00d6ppna bild i helsk\u00e4rm<img loading=\"lazy\"   alt=\"\"\/><\/p>\n<p>Panelen och programledaren David Hellenius.<\/p>\n<p>Foto: KARIN T\u00d6RNBLOM \/ IBL<\/p>\n<p>\u00d6ppna bild i helsk\u00e4rm<\/p>\n<p><a href=\"https:\/\/www.expressen.se\/tagg\/person\/mans-zelmerlow\/\" class=\"\" rel=\"nofollow noopener\" target=\"_blank\">M\u00e5ns Zelmerl\u00f6w<\/a> har g\u00e5tt igenom en turbulent tid och ligger i en infekterad skilsm\u00e4ssa med Ciara Janson. Han har ocks\u00e5 erk\u00e4nt att han brukat kokain \u2013\u00a0n\u00e5got han s\u00f6kt hj\u00e4lp f\u00f6r och l\u00e4mnat bakom sig, har Zelmerl\u00f6w ber\u00e4ttat.\u00a0<\/p>\n<p>Tidigare i \u00e5r st\u00e4llde artisten in sin sommarturn\u00e9 och har under s\u00e4songen jobbat med sin restaurang i B\u00e5stad.\u00a0<\/p>\n<p>N\u00e4r n\u00e4sta s\u00e4song av TV4:s \u201dMasked singer\u201d har premi\u00e4r n\u00e4sta \u00e5r st\u00e5r det nu klart att det blir utan M\u00e5ns Zelmerl\u00f6w efter fem \u00e5r som panelmedlem.<\/p>\n","protected":false},"excerpt":{"rendered":"Publicerad 16 sep 2025 kl 15.37 M\u00e5ns Zelmerl\u00f6w petas fr\u00e5n TV4-succ\u00e9n \u2013 nu l\u00e4mnar han panelen i \u201dMasked&hellip;\n","protected":false},"author":2,"featured_media":31751,"comment_status":"","ping_status":"","sticky":false,"template":"","format":"standard","meta":{"footnotes":""},"categories":[5],"tags":[22,23,26,27,17,21,24,25,28,29,15,16,3513,384,508,18,34,645,31,33,32,30,19,20],"class_list":{"0":"post-31750","1":"post","2":"type-post","3":"status-publish","4":"format-standard","5":"has-post-thumbnail","7":"category-rubriker","8":"tag-breaking-news","9":"tag-breakingnews","10":"tag-featured-news","11":"tag-featurednews","12":"tag-headlines","13":"tag-huvudnyheter","14":"tag-latest-news","15":"tag-latestnews","16":"tag-main-news","17":"tag-mainnews","18":"tag-news","19":"tag-nyheter","20":"tag-organization-masked-singer","21":"tag-organization-tv4","22":"tag-person-mans-zelmerlow","23":"tag-rubriker","24":"tag-se","25":"tag-sections-tv","26":"tag-svenska","27":"tag-sverige","28":"tag-sweden","29":"tag-swedish","30":"tag-top-stories","31":"tag-topstories"},"share_on_mastodon":{"url":"","error":""},"_links":{"self":[{"href":"https:\/\/www.europesays.com\/se\/wp-json\/wp\/v2\/posts\/31750","targetHints":{"allow":["GET"]}}],"collection":[{"href":"https:\/\/www.europesays.com\/se\/wp-json\/wp\/v2\/posts"}],"about":[{"href":"https:\/\/www.europesays.com\/se\/wp-json\/wp\/v2\/types\/post"}],"author":[{"embeddable":true,"href":"https:\/\/www.europesays.com\/se\/wp-json\/wp\/v2\/users\/2"}],"replies":[{"embeddable":true,"href":"https:\/\/www.europesays.com\/se\/wp-json\/wp\/v2\/comments?post=31750"}],"version-history":[{"count":0,"href":"https:\/\/www.europesays.com\/se\/wp-json\/wp\/v2\/posts\/31750\/revisions"}],"wp:featuredmedia":[{"embeddable":true,"href":"https:\/\/www.europesays.com\/se\/wp-json\/wp\/v2\/media\/31751"}],"wp:attachment":[{"href":"https:\/\/www.europesays.com\/se\/wp-json\/wp\/v2\/media?parent=31750"}],"wp:term":[{"taxonomy":"category","embeddable":true,"href":"https:\/\/www.europesays.com\/se\/wp-json\/wp\/v2\/categories?post=31750"},{"taxonomy":"post_tag","embeddable":true,"href":"https:\/\/www.europesays.com\/se\/wp-json\/wp\/v2\/tags?post=31750"}],"curies":[{"name":"wp","href":"https:\/\/api.w.org\/{rel}","templated":true}]}}