{"id":318016,"date":"2026-07-28T13:37:26","date_gmt":"2026-07-28T13:37:26","guid":{"rendered":"https:\/\/www.europesays.com\/se\/318016\/"},"modified":"2026-07-28T13:37:26","modified_gmt":"2026-07-28T13:37:26","slug":"experter-relationen-mellan-trump-och-zelenskyj-battre-an-nagonsin","status":"publish","type":"post","link":"https:\/\/www.europesays.com\/se\/318016\/","title":{"rendered":"Experter: Relationen mellan Trump och Zelenskyj b\u00e4ttre \u00e4n n\u00e5gonsin"},"content":{"rendered":"<p>Uppdaterad 28 jul 2026 kl 13.58Publicerad 28 jul 2026 kl 13.49<\/p>\n<p>Det spirar mellan Volodymyr Zelenskyj och Donald Trump.<\/p>\n<p>Inf\u00f6r tisdagens presidentm\u00f6te menar flera experter att deras relation \u00e4r starkare \u00e4n n\u00e5gonsin, rapporterar <a href=\"https:\/\/www.nytimes.com\/2026\/07\/28\/world\/europe\/zelensky-trump-meeting-ukraine-war-russia.html\" rel=\"nofollow noopener\" target=\"_blank\">New York Times. <\/a>\u00a0<\/p>\n<p>\u2013 Jag m\u00e4rker att de har b\u00e4ttre kemi nu, s\u00e4ger Volodymyr Dubovyk, vid universitetet i Odessa.<\/p>\n<p><img   alt=\"\"\/><\/p>\n<p>Ukrainas president Volodymyr Zelenskyj.<\/p>\n<p>Foto: PHILIP KANGAS \/ SPA | SWEDISH PRESS AGENCY<\/p>\n<p>\u00d6ppna bild i helsk\u00e4rm<img loading=\"lazy\"   alt=\"\"\/><\/p>\n<p>USA:s president Donald Trump.<\/p>\n<p>Foto: JULIA DEMAREE NIKHINSON  \/AP\/TT \/ AP TT NYHETSBYR\u00c5N<\/p>\n<p>\u00d6ppna bild i helsk\u00e4rm<\/p>\n<p>Natten till tisdag landade Ukrainas president <a href=\"https:\/\/www.expressen.se\/tagg\/person\/volodymyr-zelenskyj\/\" class=\"\" rel=\"nofollow noopener\" target=\"_blank\">Volodymyr Zelenskyj<\/a> i USA. Under tisdagen ska han m\u00f6ta USA:s president Donald Trump i Vita huset.\u00a0<\/p>\n<p>\u201dV\u00e5r fr\u00e4msta prioritet \u00e4r det antiballistiska f\u00f6rsvaret och det strategiska samarbetet med USA. Vi m\u00e5ste komma n\u00e4rmare freden\u201d, skriver Zelenskyj p\u00e5 X inf\u00f6r det stundande m\u00f6tet.\u00a0<\/p>\n<p>Och kanske kan det bli ett trevligt s\u00e5dant. Flera experter som <a href=\"https:\/\/www.nytimes.com\/2026\/07\/28\/world\/europe\/zelensky-trump-meeting-ukraine-war-russia.html\" rel=\"nofollow noopener\" target=\"_blank\">New York Post<\/a> pratat med menar n\u00e4mligen att relationen presidenterna emellan \u00e4r mycket b\u00e4ttre \u00e4n n\u00e5gonsin nu.\u00a0<\/p>\n<p>Trump beundrar framg\u00e5ngarna<\/p>\n<p>\u2013 Jag m\u00e4rker att de har b\u00e4ttre kemi nu, s\u00e4ger Volodymyr Dubovyk, chef p\u00e5 centrum f\u00f6r internationella studier vid universitetet i Odessa, till tidningen.\u00a0<\/p>\n<p>En av anledningarna kan vara de ukrainska framg\u00e5ngarna i kriget, vilka \u201dutstr\u00e5lar den typ av styrka som Trump uppskattar\u201d, skriver tidningen.\u00a0<\/p>\n<p>Dessutom menar experter att Trump \u00e4r mer intresserad av fredssamtal med Ukraina, d\u00e5 han skulle beh\u00f6va en diplomatisk framg\u00e5ng efter att fredsf\u00f6rhandlingarna mellan USA och Iran visat sig bli en sv\u00e5r historia.\u00a0<\/p>\n<p>Katastrofen 2025<\/p>\n<p>B\u00e5da presidenterna skulle dra nytta av diplomati dem emellan, menar Harry Nedelcu, chef p\u00e5 den europeiskpolitiska r\u00e5dgivningsfirman Rasmussen Global.\u00a0<\/p>\n<p>\u2013 I ett l\u00e4ge d\u00e4r det inte g\u00e5r s\u00e4rskilt bra f\u00f6r Trump p\u00e5 hemmaplan, s\u00e4ger han.\u00a0<\/p>\n<p>L\u00e4get har f\u00f6rut varit sp\u00e4nt mellan de tv\u00e5 presidenterna. Ett m\u00f6te i Ovala rummet v\u00e5ren 2025 <a href=\"https:\/\/www.expressen.se\/nyheter\/varlden\/zelenskyj-trump-och-vance-brak-ord-for-ord\/\" rel=\"nofollow noopener\" target=\"_blank\">slutade i katastrof <\/a>d\u00e5 Trump och vicepresidenten JD Vance sk\u00e4llde ut Zelenskyj inf\u00f6r tv-kamerorna. D\u00e5 menade amerikanerna att Zelenskyj borde g\u00f6ra eftergifter till Putin f\u00f6r att avsluta kriget, och visa tacksamhet mot USA.\u00a0<\/p>\n<p><img loading=\"lazy\"   alt=\"\"\/><\/p>\n<p>\u2013 Du visar ingen tacksamhet alls. Och det \u00e4r ingen bra sak, sade Trump till Zelenskyj under m\u00f6tet 2025.<\/p>\n<p>Foto: STELLA PICTURES\/INSTAR IMAGES<\/p>\n<p>\u00d6ppna bild i helsk\u00e4rm<\/p>\n<p>Under sitt bes\u00f6k i USA kommer Zelenskyj \u00e4ven att g\u00e5 p\u00e5 senatorn Lindsey Grahams begravning. <a href=\"https:\/\/www.expressen.se\/nyheter\/varlden\/trumps-van-dog-av-brusten-kroppspulsader\/\" rel=\"nofollow noopener\" target=\"_blank\">Graham dog den 11 juli<\/a> och var en n\u00e4ra politisk v\u00e4n till Trump.<\/p>\n","protected":false},"excerpt":{"rendered":"Uppdaterad 28 jul 2026 kl 13.58Publicerad 28 jul 2026 kl 13.49 Det spirar mellan Volodymyr Zelenskyj och Donald&hellip;\n","protected":false},"author":2,"featured_media":318017,"comment_status":"","ping_status":"","sticky":false,"template":"","format":"standard","meta":{"footnotes":"","_share_on_mastodon":"0"},"categories":[5],"tags":[22,23,385,26,27,17,21,403,24,25,28,29,15,16,18,34,31,33,32,30,19,20,51,4969,262],"class_list":["post-318016","post","type-post","status-publish","format-standard","has-post-thumbnail","category-rubriker","tag-breaking-news","tag-breakingnews","tag-donald-trump","tag-featured-news","tag-featurednews","tag-headlines","tag-huvudnyheter","tag-jd-vance","tag-latest-news","tag-latestnews","tag-main-news","tag-mainnews","tag-news","tag-nyheter","tag-rubriker","tag-se","tag-svenska","tag-sverige","tag-sweden","tag-swedish","tag-top-stories","tag-topstories","tag-varlden","tag-vita-huset","tag-volodymyr-zelenskyj"],"share_on_mastodon":{"url":"https:\/\/pubeurope.com\/@se\/116997878287800675","error":""},"_links":{"self":[{"href":"https:\/\/www.europesays.com\/se\/wp-json\/wp\/v2\/posts\/318016","targetHints":{"allow":["GET"]}}],"collection":[{"href":"https:\/\/www.europesays.com\/se\/wp-json\/wp\/v2\/posts"}],"about":[{"href":"https:\/\/www.europesays.com\/se\/wp-json\/wp\/v2\/types\/post"}],"author":[{"embeddable":true,"href":"https:\/\/www.europesays.com\/se\/wp-json\/wp\/v2\/users\/2"}],"replies":[{"embeddable":true,"href":"https:\/\/www.europesays.com\/se\/wp-json\/wp\/v2\/comments?post=318016"}],"version-history":[{"count":0,"href":"https:\/\/www.europesays.com\/se\/wp-json\/wp\/v2\/posts\/318016\/revisions"}],"wp:featuredmedia":[{"embeddable":true,"href":"https:\/\/www.europesays.com\/se\/wp-json\/wp\/v2\/media\/318017"}],"wp:attachment":[{"href":"https:\/\/www.europesays.com\/se\/wp-json\/wp\/v2\/media?parent=318016"}],"wp:term":[{"taxonomy":"category","embeddable":true,"href":"https:\/\/www.europesays.com\/se\/wp-json\/wp\/v2\/categories?post=318016"},{"taxonomy":"post_tag","embeddable":true,"href":"https:\/\/www.europesays.com\/se\/wp-json\/wp\/v2\/tags?post=318016"}],"curies":[{"name":"wp","href":"https:\/\/api.w.org\/{rel}","templated":true}]}}