{"id":31813,"date":"2025-09-16T15:15:07","date_gmt":"2025-09-16T15:15:07","guid":{"rendered":"https:\/\/www.europesays.com\/se\/31813\/"},"modified":"2025-09-16T15:15:07","modified_gmt":"2025-09-16T15:15:07","slug":"mans-zelmerlow-petas-fran-masked-singer","status":"publish","type":"post","link":"https:\/\/www.europesays.com\/se\/31813\/","title":{"rendered":"M\u00e5ns Zelmerl\u00f6w petas fr\u00e5n \u201dMasked singer\u201d"},"content":{"rendered":"<p>M\u00e5ns Zelmerl\u00f6w petas fr\u00e5n programmet \u201dMasked singer\u201d d\u00e4r han tidigare suttit i juryn, rapporterar Aftonbladet. <\/p>\n<p>\u201dHur kommande s\u00e4song och panel ser ut f\u00e5r vi \u00e5terkomma om l\u00e4ngre fram\u201d, skriver Malin Knave, exekutiv producent p\u00e5 TV4, till Aftonbladet.<\/p>\n<p>Under det senaste \u00e5ret har M\u00e5ns Zelmerl\u00f6w erk\u00e4nt kokainmissbruk. Han genomg\u00e5r dessutom en omtalad skilsm\u00e4ssa fr\u00e5n Ciara Janson och har \u00e4ven st\u00e4llt in en planerad turn\u00e9. <\/p>\n<p>\u00c5klagare har lagt ner utredningen mot Zelmerl\u00f6w g\u00e4llande misshandel av Ciara.<\/p>\n<p>Omni \u00e4r politiskt obundna och oberoende. Vi str\u00e4var efter att ge fler perspektiv p\u00e5 nyheterna. Har du fr\u00e5gor eller synpunkter kring v\u00e5r rapportering? <a href=\"https:\/\/omni.se\/mans-zelmerlow-petas-fran-masked-singer\/a\/mailto:redaktion@omni.se\" class=\"ArticleActions_contactLink__W2F1M\" rel=\"nofollow noopener\" target=\"_blank\">Kontakta redaktionen<\/a><\/p>\n","protected":false},"excerpt":{"rendered":"M\u00e5ns Zelmerl\u00f6w petas fr\u00e5n programmet \u201dMasked singer\u201d d\u00e4r han tidigare suttit i juryn, rapporterar Aftonbladet. \u201dHur kommande s\u00e4song&hellip;\n","protected":false},"author":2,"featured_media":31814,"comment_status":"","ping_status":"","sticky":false,"template":"","format":"standard","meta":{"footnotes":""},"categories":[67],"tags":[525,104,524,172,34,31,33,32,30,105],"class_list":{"0":"post-31813","1":"post","2":"type-post","3":"status-publish","4":"format-standard","5":"has-post-thumbnail","7":"category-underhallning","8":"tag-ciara-janson","9":"tag-entertainment","10":"tag-mans-zelmerlow","11":"tag-musik","12":"tag-se","13":"tag-svenska","14":"tag-sverige","15":"tag-sweden","16":"tag-swedish","17":"tag-underhallning"},"share_on_mastodon":{"url":"","error":""},"_links":{"self":[{"href":"https:\/\/www.europesays.com\/se\/wp-json\/wp\/v2\/posts\/31813","targetHints":{"allow":["GET"]}}],"collection":[{"href":"https:\/\/www.europesays.com\/se\/wp-json\/wp\/v2\/posts"}],"about":[{"href":"https:\/\/www.europesays.com\/se\/wp-json\/wp\/v2\/types\/post"}],"author":[{"embeddable":true,"href":"https:\/\/www.europesays.com\/se\/wp-json\/wp\/v2\/users\/2"}],"replies":[{"embeddable":true,"href":"https:\/\/www.europesays.com\/se\/wp-json\/wp\/v2\/comments?post=31813"}],"version-history":[{"count":0,"href":"https:\/\/www.europesays.com\/se\/wp-json\/wp\/v2\/posts\/31813\/revisions"}],"wp:featuredmedia":[{"embeddable":true,"href":"https:\/\/www.europesays.com\/se\/wp-json\/wp\/v2\/media\/31814"}],"wp:attachment":[{"href":"https:\/\/www.europesays.com\/se\/wp-json\/wp\/v2\/media?parent=31813"}],"wp:term":[{"taxonomy":"category","embeddable":true,"href":"https:\/\/www.europesays.com\/se\/wp-json\/wp\/v2\/categories?post=31813"},{"taxonomy":"post_tag","embeddable":true,"href":"https:\/\/www.europesays.com\/se\/wp-json\/wp\/v2\/tags?post=31813"}],"curies":[{"name":"wp","href":"https:\/\/api.w.org\/{rel}","templated":true}]}}