{"id":31817,"date":"2025-09-16T15:20:07","date_gmt":"2025-09-16T15:20:07","guid":{"rendered":"https:\/\/www.europesays.com\/se\/31817\/"},"modified":"2025-09-16T15:20:07","modified_gmt":"2025-09-16T15:20:07","slug":"rapport-ryssland-har-ett-utbrett-natverk-av-lager-dar-ukrainska-barn-russifieras-utrikes","status":"publish","type":"post","link":"https:\/\/www.europesays.com\/se\/31817\/","title":{"rendered":"Rapport: Ryssland har ett utbrett n\u00e4tverk av l\u00e4ger d\u00e4r ukrainska barn russifieras | Utrikes"},"content":{"rendered":"<p class=\"aw-1gybjub aw-5vja16 cmIuaG zKETg yle__article__paragraph\">Ryssland driver ett omfattande n\u00e4tverk med \u00f6ver 200 l\u00e4ger d\u00e4r ukrainska barn indoktrineras med pro-ryska narrativ samt f\u00e5r vapen- och strids\u00adutbildning.<\/p>\n<p><img decoding=\"async\" alt=\"Barn kl\u00e4dda i ukrainska folkdr\u00e4kter demonstrerar i London f\u00f6r att Ryssland ska frige ukrainska barn som har f\u00f6rts bort.\" src=\"https:\/\/www.europesays.com\/se\/wp-content\/uploads\/2025\/09\/39-152411768c975e306189.jpeg\" class=\"aw-1l9m598 hKVVvP\"\/><\/p>\n<p>\u00d6ppna bildvisare<\/p>\n<p>M\u00e5nga demonstrationer har ordnats, bland annat i London, d\u00e4r demonstranterna har kr\u00e4vt att Ryssland ska frige de barn som har f\u00f6rts bort. Bild: Guy Bell\/Shutterstock\/All Over PressLyssna (du h\u00f6r en artificiell r\u00f6st) 3:04<\/p>\n<p class=\"aw-1gybjub aw-1p7kakr cmIuaG fmSRng yle__article__paragraph\">Det visar en <a class=\"aw-iao6s4 iHOxEa yle__article__link\" href=\"https:\/\/medicine.yale.edu\/lab\/khoshnood\/news-article\/ukraines-stolen-children-inside-russias-network-of-re-education-and-militarization\/\" role=\"link\" rel=\"nofollow noopener\" target=\"_blank\">ny rapport<\/a> fr\u00e5n Humanitarian Research Lab vid Yale School of Public Health i USA.<\/p>\n<p class=\"aw-1gybjub aw-1p7kakr cmIuaG fmSRng yle__article__paragraph\">Enligt rapporten driver Ryssland \u201dett potentiellt aldrig tidigare sk\u00e5dat system av storskalig omskolning, milit\u00e4rtr\u00e4ning och internatliknande anl\u00e4ggningar med kapacitet att hysa tiotusentals barn fr\u00e5n Ukraina under l\u00e5nga tidsperioder.\u201d<\/p>\n<p class=\"aw-1gybjub aw-1p7kakr cmIuaG fmSRng yle__article__paragraph\">Anl\u00e4ggningarna finns \u00f6ver hela Ryssland och i det ockuperade Ukraina. De omfattar b\u00e5de universitet i stadsk\u00e4rnor och avl\u00e4gsna l\u00e4ger i Sibirien samt milit\u00e4rbaser och v\u00e5rdinr\u00e4ttningar.<\/p>\n<p class=\"aw-1gybjub aw-1p7kakr cmIuaG fmSRng yle__article__paragraph\">Forskarna har f\u00e5tt fram uppgifterna genom att anv\u00e4nda \u00f6ppna k\u00e4llor, ryska nyhetsrapporter, myndighetsdokument och satellitbilder.<\/p>\n<p class=\"aw-1gybjub aw-1p7kakr cmIuaG fmSRng yle__article__paragraph\">De har bekr\u00e4ftat att barn har f\u00f6rts till anl\u00e4ggningarna sedan Rysslands invasion i Ukraina b\u00f6rjade i full skala \u00e5r 2022.<\/p>\n<p class=\"aw-1gybjub aw-1p7kakr cmIuaG fmSRng yle__article__paragraph\">Forskarna har bekr\u00e4ftat barnens n\u00e4rvaro genom minst fem oberoende k\u00e4llor.<\/p>\n<p class=\"aw-1gybjub aw-1p7kakr cmIuaG fmSRng yle__article__paragraph\">P\u00e5 anl\u00e4ggningarna f\u00e5r de bland annat fallsk\u00e4rmsj\u00e4gartr\u00e4ning och lektioner i hur man monterar dr\u00f6nare f\u00f6r den ryska arm\u00e9n. Barn s\u00e5 unga som \u00e5tta \u00e5r f\u00e5r enligt rapporten vapenutbildning.<\/p>\n<p class=\"aw-1gybjub aw-1p7kakr cmIuaG fmSRng yle__article__paragraph\">Barnen tvingas delta i en rad olika aktiviteter, till exempel skytte- och granatkastningst\u00e4vlingar.<\/p>\n<p class=\"aw-1gybjub aw-1p7kakr cmIuaG fmSRng yle__article__paragraph\">Minst h\u00e4lften av de dokumenterade platserna drivs direkt av den ryska staten, vilket bevisas av registreringsdokument, enligt rapporten.<\/p>\n<p class=\"aw-1gybjub aw-1p7kakr cmIuaG fmSRng yle__article__paragraph\">\u201dVad vi ser h\u00e4r \u00e4r ett n\u00e4tverk av anl\u00e4ggningar utan motstycke, medvetet byggda och ut\u00f6kade sedan \u00e5r 2014, f\u00f6r att g\u00f6ra ukrainska barn till ryssar\u201d, s\u00e4ger <strong class=\"aw-ak79eh KyCXm yle__article__strong\">Nathaniel Raymond<\/strong>, chef f\u00f6r Humanitarian Research Lab.<\/p>\n<p class=\"aw-1gybjub aw-1p7kakr cmIuaG fmSRng yle__article__paragraph\">\u201dVi kan se skyttegravar, skjutbanor, exercisplatser. Det enda vi inte vet \u00e4r om ukrainska barn redan har skickats till fronten\u201d, s\u00e4ger Raymond.<\/p>\n<p><img decoding=\"async\" alt=\"En man i gr\u00e5 kostym sitter fram\u00e5tlutad mot en mikrofon i en plenisal.\" src=\"https:\/\/www.europesays.com\/se\/wp-content\/uploads\/2025\/09\/39-152412168c976ef362db.jpeg\" loading=\"lazy\" class=\"aw-1l9m598 hKVVvP\"\/><\/p>\n<p>\u00d6ppna bildvisare<\/p>\n<p>Nathaniel Raymond s\u00e4ger att Rysslands n\u00e4tverk av anl\u00e4ggningar saknar motstycke.  Bild: Lev Radin\/Shutterstock\/All Over Press<\/p>\n<p class=\"aw-1gybjub aw-1p7kakr cmIuaG fmSRng yle__article__paragraph\">S\u00e5 sent som f\u00f6rra veckan rapporterade tidningen <a class=\"aw-iao6s4 iHOxEa yle__article__link\" href=\"https:\/\/www.theguardian.com\/world\/2025\/sep\/10\/how-russia-is-grooming-ukraines-children-to-fight-for-it-i-understood-it-wasnt-just-play\" role=\"link\" rel=\"nofollow noopener\" target=\"_blank\">The Guardian<\/a> om barn fr\u00e5n ockuperade delar av Ukraina som ber\u00e4ttade att de med v\u00e5ld har f\u00f6rts till s\u00e5dana milit\u00e4ranl\u00e4ggningar och har f\u00f6rberetts f\u00f6r att k\u00e4mpa f\u00f6r Ryssland.<\/p>\n<p>Avsl\u00f6jar omfattningen av Rysslands deportationsn\u00e4tverk<\/p>\n<p class=\"aw-1gybjub aw-1p7kakr cmIuaG fmSRng yle__article__paragraph\">Rapporten \u00e4r den f\u00f6rsta som avsl\u00f6jar omfattningen av Rysslands deportationsn\u00e4tverk och st\u00e4rker anklagelser om krigsbrott och brott mot m\u00e4nskligheten.<\/p>\n<p class=\"aw-1gybjub aw-1p7kakr cmIuaG fmSRng yle__article__paragraph\">Enligt Ukraina har Ryssland olagligt deporterat eller med tv\u00e5ng f\u00f6rflyttat \u00f6ver 19\u00a0500 barn till Ryssland och Belarus i strid med Gen\u00e8vekonventionerna. Siffran kan enligt Yale vara n\u00e4rmare 35\u00a0000.<\/p>\n<p class=\"aw-1gybjub aw-1p7kakr cmIuaG fmSRng yle__article__paragraph\">\u00c5r 2023 inledde den internationella brottm\u00e5lsdomstolen en utredning av president Vladimir Putin och barnr\u00e4ttskommission\u00e4ren Maria Lvova-Belova g\u00e4llande p\u00e5st\u00e5dda bortf\u00f6randen och deportationer av ukrainska barn.<\/p>\n<p class=\"aw-1gybjub aw-1p7kakr cmIuaG fmSRng yle__article__paragraph\">Ryssland f\u00f6rnekar att man tar barn mot deras vilja och s\u00e4ger att man har evakuerat m\u00e4nniskor frivilligt f\u00f6r att f\u00f6ra bort dem fr\u00e5n krigszonen.<\/p>\n<p class=\"aw-1gybjub aw-1p7kakr cmIuaG fmSRng yle__article__paragraph\">K\u00e4llor: Yale School of Public Health, The Guardian, Reuters, Euronews, NBC News<\/p>\n","protected":false},"excerpt":{"rendered":"Ryssland driver ett omfattande n\u00e4tverk med \u00f6ver 200 l\u00e4ger d\u00e4r ukrainska barn indoktrineras med pro-ryska narrativ samt f\u00e5r&hellip;\n","protected":false},"author":2,"featured_media":31818,"comment_status":"","ping_status":"","sticky":false,"template":"","format":"standard","meta":{"footnotes":""},"categories":[5],"tags":[3173,22,23,26,27,17,21,3517,3051,24,25,28,29,15,16,18,1788,264,34,31,33,32,30,19,20,263,237],"class_list":{"0":"post-31817","1":"post","2":"type-post","3":"status-publish","4":"format-standard","5":"has-post-thumbnail","7":"category-rubriker","8":"tag-barn","9":"tag-breaking-news","10":"tag-breakingnews","11":"tag-featured-news","12":"tag-featurednews","13":"tag-headlines","14":"tag-huvudnyheter","15":"tag-konflikter","16":"tag-krig","17":"tag-latest-news","18":"tag-latestnews","19":"tag-main-news","20":"tag-mainnews","21":"tag-news","22":"tag-nyheter","23":"tag-rubriker","24":"tag-ryskt-anfall-mot-ukraina","25":"tag-ryssland","26":"tag-se","27":"tag-svenska","28":"tag-sverige","29":"tag-sweden","30":"tag-swedish","31":"tag-top-stories","32":"tag-topstories","33":"tag-ukraina","34":"tag-utrikes"},"share_on_mastodon":{"url":"","error":""},"_links":{"self":[{"href":"https:\/\/www.europesays.com\/se\/wp-json\/wp\/v2\/posts\/31817","targetHints":{"allow":["GET"]}}],"collection":[{"href":"https:\/\/www.europesays.com\/se\/wp-json\/wp\/v2\/posts"}],"about":[{"href":"https:\/\/www.europesays.com\/se\/wp-json\/wp\/v2\/types\/post"}],"author":[{"embeddable":true,"href":"https:\/\/www.europesays.com\/se\/wp-json\/wp\/v2\/users\/2"}],"replies":[{"embeddable":true,"href":"https:\/\/www.europesays.com\/se\/wp-json\/wp\/v2\/comments?post=31817"}],"version-history":[{"count":0,"href":"https:\/\/www.europesays.com\/se\/wp-json\/wp\/v2\/posts\/31817\/revisions"}],"wp:featuredmedia":[{"embeddable":true,"href":"https:\/\/www.europesays.com\/se\/wp-json\/wp\/v2\/media\/31818"}],"wp:attachment":[{"href":"https:\/\/www.europesays.com\/se\/wp-json\/wp\/v2\/media?parent=31817"}],"wp:term":[{"taxonomy":"category","embeddable":true,"href":"https:\/\/www.europesays.com\/se\/wp-json\/wp\/v2\/categories?post=31817"},{"taxonomy":"post_tag","embeddable":true,"href":"https:\/\/www.europesays.com\/se\/wp-json\/wp\/v2\/tags?post=31817"}],"curies":[{"name":"wp","href":"https:\/\/api.w.org\/{rel}","templated":true}]}}