{"id":31828,"date":"2025-09-16T15:44:07","date_gmt":"2025-09-16T15:44:07","guid":{"rendered":"https:\/\/www.europesays.com\/se\/31828\/"},"modified":"2025-09-16T15:44:07","modified_gmt":"2025-09-16T15:44:07","slug":"flicka-dok-upp-med-kniv-i-pa-skola-i-balsta-i-habo-kommun","status":"publish","type":"post","link":"https:\/\/www.europesays.com\/se\/31828\/","title":{"rendered":"Flicka d\u00f6k upp med kniv i p\u00e5 skola i B\u00e5lsta i H\u00e5bo kommun"},"content":{"rendered":"<p>Publicerad 16 sep 2025 kl 15.57Uppdaterad kl 17.07<\/p>\n<p>En ton\u00e5rsflicka misst\u00e4nks f\u00f6r f\u00f6rberedelse till mord p\u00e5 en skola i H\u00e5bo kommun.<\/p>\n<p>Hon ska ha dykt upp i ett klassrum med kniv.<\/p>\n<p>\u2013 Ingen har skadats fysiskt, s\u00e4ger \u00e5klagaren Sara Sundstr\u00f6m.<\/p>\n<p>Senaste nyhetsklippen fr\u00e5n Expressen.<img   alt=\"\"\/><\/p>\n<p>En flicka misst\u00e4nks f\u00f6r f\u00f6rberedelse till mord efter att ha dykt upp i klassrummet med en kniv i B\u00e5lsta.<\/p>\n<p>Foto: Fredrik Sandberg\/TT \/ TT NYHETSBYR\u00c5N<\/p>\n<p>\u00d6ppna bild i helsk\u00e4rm<\/p>\n<p>H\u00e4ndelsen intr\u00e4ffade under m\u00e5ndagsmorgonen. D\u00e5 larmades polisen till en skola i <a href=\"https:\/\/www.expressen.se\/tagg\/location\/habo-kommun\/\" class=\"\" rel=\"nofollow noopener\" target=\"_blank\">H\u00e5bo kommun<\/a> p\u00e5 grund av att ett barn var bev\u00e4pnat med kniv.<\/p>\n<p><a href=\"https:\/\/www.eposten.se\/nyheter\/balsta\/artikel\/knivattack-i-skola-det-var-en-allvarlig-incident\/jp2ppk7r\" rel=\"nofollow noopener\" target=\"_blank\">Enk\u00f6pings-Posten<\/a> skriver att det r\u00f6r sig om en skola i B\u00e5lsta, och att barnet ska ha g\u00e5tt in med kniven i ett klassrum med \u00e5ttondeklassare.<\/p>\n<p>\u00c5klagaren Sara Sundstr\u00f6m, som leder utredningen, s\u00e4ger att den misst\u00e4nkta \u00e4r ett barn \u00f6ver tolv \u00e5r men under femton \u00e5r. Det inneb\u00e4r att det inte bedrivs n\u00e5gon sedvanlig f\u00f6runders\u00f6kning, utan en utredning enligt 31 \u00a7 LUL (lag med s\u00e4rskilda best\u00e4mmelser om unga lag\u00f6vertr\u00e4dare).<\/p>\n<p>Ton\u00e5rsflicka misst\u00e4nks<\/p>\n<p>Enligt Expressens uppgifter \u00e4r det en flicka som \u00e4r misst\u00e4nkt. \u00c4ven Enk\u00f6pings-Posten har s\u00e5dana uppgifter.<\/p>\n<p>\u2013 En icke straffmyndig person har p\u00e5tr\u00e4ffats bev\u00e4pnad med kniv p\u00e5 en skola. Kniven har inte kommit till anv\u00e4ndning och ingen har skadats fysiskt, s\u00e4ger Sara Sundstr\u00f6m.<\/p>\n<p>Nu h\u00e5ller polisen f\u00f6rh\u00f6r med vittnen och m\u00e5ls\u00e4ganden. Vem eller vilka som \u00e4r m\u00e5ls\u00e4gande i fallet vill \u00e5klagaren dock inte g\u00e5 in p\u00e5, med h\u00e4nvisning till utredningssekretess. Hon vill inte heller g\u00e5 in p\u00e5 vilken typ av kniv det r\u00f6r sig om, eller hur skarpt l\u00e4get var.<\/p>\n<p>Skolan: Allvarlig incident<\/p>\n<p>Fr\u00e5n skolans h\u00e5ll uppger man f\u00f6r Enk\u00f6pings-Posten att en \u201dallvarlig incident\u201d intr\u00e4ffat, och att det r\u00f6r sig om en person som upptr\u00e4tt hotfullt vilket inblandade upplevt som obehagligt. Elever ska ha skickats hem och erbjudits st\u00f6d efter h\u00e4ndelsen.<\/p>\n<p>Flickan \u00e4r omh\u00e4ndertagen.<\/p>\n<p>\u2013 Hon omh\u00e4ndertogs vid g\u00e4rningstillf\u00e4llet, s\u00e4ger Sara Sundstr\u00f6m.<\/p>\n<p>Enligt polisen misst\u00e4nks barnet f\u00f6r f\u00f6rberedelse till mord.<\/p>\n","protected":false},"excerpt":{"rendered":"Publicerad 16 sep 2025 kl 15.57Uppdaterad kl 17.07 En ton\u00e5rsflicka misst\u00e4nks f\u00f6r f\u00f6rberedelse till mord p\u00e5 en skola&hellip;\n","protected":false},"author":2,"featured_media":31829,"comment_status":"","ping_status":"","sticky":false,"template":"","format":"standard","meta":{"footnotes":""},"categories":[12],"tags":[22,23,26,27,17,21,24,25,3518,28,29,15,16,18,34,154,31,33,32,30,19,1942,20],"class_list":{"0":"post-31828","1":"post","2":"type-post","3":"status-publish","4":"format-standard","5":"has-post-thumbnail","7":"category-sverige","8":"tag-breaking-news","9":"tag-breakingnews","10":"tag-featured-news","11":"tag-featurednews","12":"tag-headlines","13":"tag-huvudnyheter","14":"tag-latest-news","15":"tag-latestnews","16":"tag-location-habo-kommun","17":"tag-main-news","18":"tag-mainnews","19":"tag-news","20":"tag-nyheter","21":"tag-rubriker","22":"tag-se","23":"tag-sections-sverige","24":"tag-svenska","25":"tag-sverige","26":"tag-sweden","27":"tag-swedish","28":"tag-top-stories","29":"tag-topic-lagar","30":"tag-topstories"},"share_on_mastodon":{"url":"","error":""},"_links":{"self":[{"href":"https:\/\/www.europesays.com\/se\/wp-json\/wp\/v2\/posts\/31828","targetHints":{"allow":["GET"]}}],"collection":[{"href":"https:\/\/www.europesays.com\/se\/wp-json\/wp\/v2\/posts"}],"about":[{"href":"https:\/\/www.europesays.com\/se\/wp-json\/wp\/v2\/types\/post"}],"author":[{"embeddable":true,"href":"https:\/\/www.europesays.com\/se\/wp-json\/wp\/v2\/users\/2"}],"replies":[{"embeddable":true,"href":"https:\/\/www.europesays.com\/se\/wp-json\/wp\/v2\/comments?post=31828"}],"version-history":[{"count":0,"href":"https:\/\/www.europesays.com\/se\/wp-json\/wp\/v2\/posts\/31828\/revisions"}],"wp:featuredmedia":[{"embeddable":true,"href":"https:\/\/www.europesays.com\/se\/wp-json\/wp\/v2\/media\/31829"}],"wp:attachment":[{"href":"https:\/\/www.europesays.com\/se\/wp-json\/wp\/v2\/media?parent=31828"}],"wp:term":[{"taxonomy":"category","embeddable":true,"href":"https:\/\/www.europesays.com\/se\/wp-json\/wp\/v2\/categories?post=31828"},{"taxonomy":"post_tag","embeddable":true,"href":"https:\/\/www.europesays.com\/se\/wp-json\/wp\/v2\/tags?post=31828"}],"curies":[{"name":"wp","href":"https:\/\/api.w.org\/{rel}","templated":true}]}}