{"id":31830,"date":"2025-09-16T15:45:08","date_gmt":"2025-09-16T15:45:08","guid":{"rendered":"https:\/\/www.europesays.com\/se\/31830\/"},"modified":"2025-09-16T15:45:08","modified_gmt":"2025-09-16T15:45:08","slug":"red-bull-overtime-pausas-shl","status":"publish","type":"post","link":"https:\/\/www.europesays.com\/se\/31830\/","title":{"rendered":"\u201dRed Bull Overtime\u201d pausas | SHL"},"content":{"rendered":"<p>Publicerad 16 sep 2025 kl 16.02Uppdaterad kl 17.28<\/p>\n<p>SHL:s partnerskap med Red Bull har kritiserats.<\/p>\n<p>Nu pausas konceptet \u201dRed Bull Overtime\u201d, bekr\u00e4ftar SHL.<\/p>\n<p>\u2013 Det kommer rulla ut i olika kanaler \u00f6ver tid men det \u00e4r tillf\u00e4lligt pausat p\u00e5 mediakuben, men bara d\u00e4r, s\u00e4ger kommunikationschefen Johanna Alba.<\/p>\n<p><img   alt=\"\"\/><\/p>\n<p>Protestbanderoll under Lule\u00e5s premi\u00e4r.<\/p>\n<p>Foto: SIMON ELIASSON \/ BILDBYR\u00c5N<\/p>\n<p>\u00d6ppna bild i helsk\u00e4rm<img loading=\"lazy\"   alt=\"\"\/> <\/p>\n<p>Foto: Tommy Pedersen\/TT \/ TT NYHETSBYR\u00c5N<\/p>\n<p>\u00d6ppna bild i helsk\u00e4rm<\/p>\n<p>De senaste veckorna har det varit en av de stora snackisarna i hockey-Sverige.<\/p>\n<p>Mer exakt handlar det om ett partnerskap mellan energidryckesj\u00e4tten Red Bull och Svenska hockeyligan. Den har inneburit att f\u00f6retaget synts p\u00e5 vattenflaskor, handdukar och p\u00e5 olika skyltar runt om i arenorna.<\/p>\n<p>P\u00e5 det har f\u00f6rl\u00e4ngningsspelet f\u00e5tt namnet \u201dRed Bull Overtime\u201d.<\/p>\n<p>\u2013 Vi f\u00e5r vara tydliga med att det inte handlar om n\u00e5got \u00e4gandeskap h\u00e4r. Vi har en struktur i Sverige som g\u00f6r att det inte \u00e4r p\u00e5 tapeten \u2013 vi kan inte, vi vill inte, och Red Bull \u00e4r inte d\u00e4r heller. Det finns inga risker i det, sade Jenny Silfverstrand till <a href=\"https:\/\/www.expressen.se\/sport\/hockey\/shl\/shls-vd-svarar-efter-kritiken-ar-en-radsla\" rel=\"nofollow noopener\" target=\"_blank\">Expressen<\/a> tidigare.<\/p>\n<p>Bland supportrarna har det funnits en oro f\u00f6r att f\u00f6retaget, som enligt Hockeysupporterunionen bland annat inte v\u00e4rnat om den f\u00f6reningsstruktur som finns i Sverige, skulle ha en negativ p\u00e5verkan p\u00e5 svensk ishockey.<\/p>\n<p>\u201dVill ha fokus p\u00e5 premi\u00e4rveckan\u201d<\/p>\n<p>Hockeysupporterunionen var tydlig.<\/p>\n<p>\u2013 F\u00f6r mig som n\u00f6rd n\u00e4r det g\u00e4ller f\u00f6reningsdemokrati, \u00e4r 51-procentsregeln det viktigaste som finns. Vi vill inte ha det som i andra delar av v\u00e4rlden, d\u00e4r lag byter f\u00e4rger, namn eller flyttas, sade HSU:s ordf\u00f6rande Axel Pettersson till <a href=\"https:\/\/www.expressen.se\/sport\/hockey\/shl\/han-vill-driva-supportrarnas-fragor-jag-vill-inte-ha-content-jag-vill-ha-hockey\" rel=\"nofollow noopener\" target=\"_blank\">Expressen<\/a> i f\u00f6rra veckan.<\/p>\n<p>Samtidigt var protesterna m\u00e5nga mot samarbetet under helgens premi\u00e4rmatcher i SHL. I stort sett samtliga supporterf\u00f6reningar protesterade mot Red Bull med banderoller. P\u00e5 det gick en av F\u00e4rjestads supportergrupper, \u201dBryggeriet\u201d, under tisdagen ut med att man uppmanar supportrarna att l\u00e4mna l\u00e4ktaren under \u00f6vertidsspelet resten av s\u00e4songen.<\/p>\n<p>Nu meddelar SHL att \u201dRed Bull Overtime\u201d-konceptet pausas.<\/p>\n<p>\u2013 SHL har flera koncept tillsammans med v\u00e5ra partners. N\u00e4r det g\u00e4ller Red Bull Overtime \u00e4r det fortfarande ig\u00e5ng d\u00e4r syftet \u00e4r att lyfta matchens mest avg\u00f6rande \u00f6gonblick i \u00f6vertiden. Det kommer rulla ut i olika kanaler \u00f6ver tid men det \u00e4r tillf\u00e4lligt pausat p\u00e5 mediakuben, men bara d\u00e4r. Vi hoppas att det ska engagera i v\u00e5ra sociala medier precis som v\u00e5ra andra partners, s\u00e4ger Johanna Alba, kommunikationschef p\u00e5 SHL.<\/p>\n<p><strong>Vad \u00e4r anledningen till att ni pausar det h\u00e4r konceptet?<\/strong><\/p>\n<p>\u2013 Just nu g\u00f6r vi en paus p\u00e5 kuben tillf\u00e4lligt, men det kommer rulla ut fullt i olika kanaler, inklusive mediakuben p\u00e5 sikt. Vi vill ha fokus p\u00e5 premi\u00e4rveckan och det h\u00e4r \u00e4r ett koncept som vi skruvar p\u00e5 och utvecklar.<\/p>\n<p><img loading=\"lazy\"   alt=\"\"\/> <\/p>\n<p>Foto: P\u00e4r B\u00e4ckstr\u00f6m\/TT \/ TT NYHETSBYR\u00c5N<\/p>\n<p>\u00d6ppna bild i helsk\u00e4rm<\/p>\n<p><strong>Har det n\u00e5got med protesterna fr\u00e5n supporterh\u00e5ll gentemot ert avtal med Red Bull att g\u00f6ra?<\/strong><\/p>\n<p>\u2013 Vi k\u00e4nner oss trygga i det samarbetet och aktiveringarna som det skapar. D\u00e4remot ser vi reaktionerna som kommit fr\u00e5n vissa supportrar p\u00e5 temat om 51%-regeln. Det \u00e4r en viktig del av svensk idrott och det \u00e4r inget som partnersamarbeten kan p\u00e5verka. Givet reaktionerna vill vi pausa en stund p\u00e5 mediakub. Just nu vill vi fokusera p\u00e5 premi\u00e4rveckan och kommer att lansera konceptet fram\u00f6ver likt v\u00e5ra \u00f6vriga kommunikationsaktiveringar i v\u00e5ra kanaler och arenor.\u00a0<\/p>\n<p><strong>Hur ser SHL p\u00e5 den kritik som riktats mot Red Bull-samarbetet?<\/strong><\/p>\n<p>\u2013 De \u00e5sikter som framf\u00f6rs om att v\u00e4rna om den svenska modellen och 51-procentsregeln st\u00e5r klubbarna och ligan bakom fullt ut. Det \u00e4r det viktigaste vi har inom svensk ishockey och det \u00e4r en anledning till att vi varit framg\u00e5ngsrika internationellt. D\u00e4remot diskussionen om att sponsoravtalet ska \u00e4ventyra 51-procentsregeln, det \u00e4r direkt felaktigt. SHL har inte den \u00f6nskan \u00f6verhuvudtaget och det \u00e4r inte m\u00f6jligt att genomf\u00f6ra n\u00e5got s\u00e5dant genom ett partnerskap.\u00a0<\/p>\n<p><strong>Hur l\u00e4nge g\u00e4ller pausen?<\/strong><\/p>\n<p>\u2013 Tills vidare.<\/p>\n<p>SHL:s andra omg\u00e5ng spelas under tisdagen.<\/p>\n","protected":false},"excerpt":{"rendered":"Publicerad 16 sep 2025 kl 16.02Uppdaterad kl 17.28 SHL:s partnerskap med Red Bull har kritiserats. Nu pausas konceptet&hellip;\n","protected":false},"author":2,"featured_media":31831,"comment_status":"","ping_status":"","sticky":false,"template":"","format":"standard","meta":{"footnotes":""},"categories":[5],"tags":[22,23,26,27,17,21,24,25,28,29,15,16,18,34,255,823,31,33,32,30,19,20],"class_list":{"0":"post-31830","1":"post","2":"type-post","3":"status-publish","4":"format-standard","5":"has-post-thumbnail","7":"category-rubriker","8":"tag-breaking-news","9":"tag-breakingnews","10":"tag-featured-news","11":"tag-featurednews","12":"tag-headlines","13":"tag-huvudnyheter","14":"tag-latest-news","15":"tag-latestnews","16":"tag-main-news","17":"tag-mainnews","18":"tag-news","19":"tag-nyheter","20":"tag-rubriker","21":"tag-se","22":"tag-sections-ishockey","23":"tag-sections-shl","24":"tag-svenska","25":"tag-sverige","26":"tag-sweden","27":"tag-swedish","28":"tag-top-stories","29":"tag-topstories"},"share_on_mastodon":{"url":"","error":""},"_links":{"self":[{"href":"https:\/\/www.europesays.com\/se\/wp-json\/wp\/v2\/posts\/31830","targetHints":{"allow":["GET"]}}],"collection":[{"href":"https:\/\/www.europesays.com\/se\/wp-json\/wp\/v2\/posts"}],"about":[{"href":"https:\/\/www.europesays.com\/se\/wp-json\/wp\/v2\/types\/post"}],"author":[{"embeddable":true,"href":"https:\/\/www.europesays.com\/se\/wp-json\/wp\/v2\/users\/2"}],"replies":[{"embeddable":true,"href":"https:\/\/www.europesays.com\/se\/wp-json\/wp\/v2\/comments?post=31830"}],"version-history":[{"count":0,"href":"https:\/\/www.europesays.com\/se\/wp-json\/wp\/v2\/posts\/31830\/revisions"}],"wp:featuredmedia":[{"embeddable":true,"href":"https:\/\/www.europesays.com\/se\/wp-json\/wp\/v2\/media\/31831"}],"wp:attachment":[{"href":"https:\/\/www.europesays.com\/se\/wp-json\/wp\/v2\/media?parent=31830"}],"wp:term":[{"taxonomy":"category","embeddable":true,"href":"https:\/\/www.europesays.com\/se\/wp-json\/wp\/v2\/categories?post=31830"},{"taxonomy":"post_tag","embeddable":true,"href":"https:\/\/www.europesays.com\/se\/wp-json\/wp\/v2\/tags?post=31830"}],"curies":[{"name":"wp","href":"https:\/\/api.w.org\/{rel}","templated":true}]}}