{"id":31837,"date":"2025-09-16T16:00:15","date_gmt":"2025-09-16T16:00:15","guid":{"rendered":"https:\/\/www.europesays.com\/se\/31837\/"},"modified":"2025-09-16T16:00:15","modified_gmt":"2025-09-16T16:00:15","slug":"s-och-c-har-inga-planer-pa-att-lamna-kyrkopolitiken","status":"publish","type":"post","link":"https:\/\/www.europesays.com\/se\/31837\/","title":{"rendered":"S och C har inga planer p\u00e5 att l\u00e4mna kyrkopolitiken"},"content":{"rendered":"<p>Bara tv\u00e5 riksdagspartier st\u00e4ller upp i kyrkovalet: Socialdemokraterna och Centerpartiet. I intervjuer med Kyrkans Tidning s\u00e4ger b\u00e5da partierna att de inte har n\u00e5gon plan p\u00e5 att l\u00e4mna kyrkopolitiken.<\/p>\n<p>I f\u00f6rra valet st\u00e4llde \u00e4ven Sverigedemokraterna upp, men efter en omr\u00f6stning i\u202ffjol deltar SD inte l\u00e4ngre som politiskt parti, utan som Sverigedemokrater i Svenska kyrkan. M\u00e5nga andra riksdagspartier har tidigare gjort samma resa.<\/p>\n<p>Inom kyrkan tycker m\u00e5nga debatt\u00f6rer att partipolitiken b\u00f6r l\u00e4mna plats f\u00f6r obundna nomineringsgrupper. <\/p>\n<p>\u2013 Det \u00e4r en tr\u00e5kig bild, jag h\u00e5ller inte med om den, s\u00e4ger Lena Hallengren (S), och f\u00e5r medh\u00e5ll av C-ledaren Anna-Karin Hatt.<\/p>\n<p>\u2013 Kyrkan \u00e4r en av de viktigaste samh\u00e4llsakt\u00f6rerna, kyrkan \u00e4r stor, har m\u00e5nga medlemmar och m\u00e5nga centerpartister \u00e4r engagerade och vill bidra.<\/p>\n<p>Omni \u00e4r politiskt obundna och oberoende. Vi str\u00e4var efter att ge fler perspektiv p\u00e5 nyheterna. Har du fr\u00e5gor eller synpunkter kring v\u00e5r rapportering? <a href=\"https:\/\/omni.se\/s-och-c-har-inga-planer-pa-att-lamna-kyrkopolitiken\/a\/mailto:redaktion@omni.se\" class=\"ArticleActions_contactLink__W2F1M\" rel=\"nofollow noopener\" target=\"_blank\">Kontakta redaktionen<\/a><\/p>\n","protected":false},"excerpt":{"rendered":"Bara tv\u00e5 riksdagspartier st\u00e4ller upp i kyrkovalet: Socialdemokraterna och Centerpartiet. I intervjuer med Kyrkans Tidning s\u00e4ger b\u00e5da partierna&hellip;\n","protected":false},"author":2,"featured_media":31838,"comment_status":"","ping_status":"","sticky":false,"template":"","format":"standard","meta":{"footnotes":""},"categories":[12],"tags":[2763,22,23,1983,26,27,17,21,24,25,3519,28,29,15,16,369,18,34,1557,31,2714,33,617,32,30,19,20],"class_list":{"0":"post-31837","1":"post","2":"type-post","3":"status-publish","4":"format-standard","5":"has-post-thumbnail","7":"category-sverige","8":"tag-anna-karin-hatt","9":"tag-breaking-news","10":"tag-breakingnews","11":"tag-centerpartiet","12":"tag-featured-news","13":"tag-featurednews","14":"tag-headlines","15":"tag-huvudnyheter","16":"tag-latest-news","17":"tag-latestnews","18":"tag-lena-hallengren","19":"tag-main-news","20":"tag-mainnews","21":"tag-news","22":"tag-nyheter","23":"tag-politik","24":"tag-rubriker","25":"tag-se","26":"tag-socialdemokraterna","27":"tag-svenska","28":"tag-svenska-kyrkan","29":"tag-sverige","30":"tag-sverigedemokraterna","31":"tag-sweden","32":"tag-swedish","33":"tag-top-stories","34":"tag-topstories"},"share_on_mastodon":{"url":"","error":""},"_links":{"self":[{"href":"https:\/\/www.europesays.com\/se\/wp-json\/wp\/v2\/posts\/31837","targetHints":{"allow":["GET"]}}],"collection":[{"href":"https:\/\/www.europesays.com\/se\/wp-json\/wp\/v2\/posts"}],"about":[{"href":"https:\/\/www.europesays.com\/se\/wp-json\/wp\/v2\/types\/post"}],"author":[{"embeddable":true,"href":"https:\/\/www.europesays.com\/se\/wp-json\/wp\/v2\/users\/2"}],"replies":[{"embeddable":true,"href":"https:\/\/www.europesays.com\/se\/wp-json\/wp\/v2\/comments?post=31837"}],"version-history":[{"count":0,"href":"https:\/\/www.europesays.com\/se\/wp-json\/wp\/v2\/posts\/31837\/revisions"}],"wp:featuredmedia":[{"embeddable":true,"href":"https:\/\/www.europesays.com\/se\/wp-json\/wp\/v2\/media\/31838"}],"wp:attachment":[{"href":"https:\/\/www.europesays.com\/se\/wp-json\/wp\/v2\/media?parent=31837"}],"wp:term":[{"taxonomy":"category","embeddable":true,"href":"https:\/\/www.europesays.com\/se\/wp-json\/wp\/v2\/categories?post=31837"},{"taxonomy":"post_tag","embeddable":true,"href":"https:\/\/www.europesays.com\/se\/wp-json\/wp\/v2\/tags?post=31837"}],"curies":[{"name":"wp","href":"https:\/\/api.w.org\/{rel}","templated":true}]}}