{"id":318378,"date":"2026-07-28T20:36:13","date_gmt":"2026-07-28T20:36:13","guid":{"rendered":"https:\/\/www.europesays.com\/se\/318378\/"},"modified":"2026-07-28T20:36:13","modified_gmt":"2026-07-28T20:36:13","slug":"planen-efter-misslyckade-dejten-morda-henne","status":"publish","type":"post","link":"https:\/\/www.europesays.com\/se\/318378\/","title":{"rendered":"Planen efter misslyckade dejten: M\u00f6rda henne"},"content":{"rendered":"<p>Uppdaterad 28 jul 2026 kl 22.32Publicerad 28 jul 2026 kl 21.19<\/p>\n<p>Mannen blockerades p\u00e5 Snapchat efter en misslyckad dejt.\u00a0<\/p>\n<p>Nu misst\u00e4nks han f\u00f6r att ha planerat att m\u00f6rda tjejen som nekade honom.\u00a0<\/p>\n<p>\u2013 Jag menade inte allvar, s\u00e4ger han i f\u00f6rh\u00f6r.\u00a0<\/p>\n<p>Senaste nyhetsklippen fr\u00e5n Expressen.<img   alt=\"\"\/><\/p>\n<p>18-\u00e5ringen blockades p\u00e5 Snapchat efter en misslyckad dejt.<\/p>\n<p>Foto: JESSICA GOW \/ TT NYHETSBYR\u00c5N<\/p>\n<p>\u00d6ppna bild i helsk\u00e4rm<\/p>\n<p>Den 18-\u00e5rige mannen skrev med tjejen p\u00e5 Snapchat under v\u00e5ren. Efter ett tag tr\u00e4ffades de p\u00e5 en restaurang i <a href=\"https:\/\/www.expressen.se\/tagg\/location\/stockholm\/\" class=\"\" rel=\"nofollow noopener\" target=\"_blank\">Stockholm<\/a>, men dejten gick inte som f\u00f6rv\u00e4ntat. Varken f\u00f6r henne eller mannen.\u00a0<\/p>\n<p>Hon s\u00e4ger i f\u00f6rh\u00f6r att dejten var som en intervju, med henne som fr\u00e5gest\u00e4llare, och att svaren fr\u00e4mst handlade om mannens pengar. Efter att de sagt hej d\u00e5 med en stel kram, skrev mannen dagen efter och fr\u00e5gade om n\u00e4sta tr\u00e4ff.\u00a0<\/p>\n<p>Men tjejen ber\u00e4ttar i f\u00f6rh\u00f6r att hon avvisade honom, swishade halva restaurangnotan och sedan blockerade honom.\u00a0<\/p>\n<p>Fr\u00e5gade om vapen<\/p>\n<p>D\u00e5 brast det f\u00f6r mannen. Han blev ledsen och tog mycket illa vid sig. Nu \u00e5talas han vid Stockholms tingsr\u00e4tt f\u00f6r f\u00f6rberedelse till mord.<\/p>\n<p>Ett vittne som h\u00f6rts i utredningen s\u00e4ger att mannen fr\u00e5gat om vittnet p\u00e5 n\u00e5got s\u00e4tt kunde ta fram ett vapen eller k\u00e4nde n\u00e5gon som kunde s\u00e4lja en pistol.\u00a0<\/p>\n<p>\u2013 Han har sagt att han ska ta sig in hos henne p\u00e5 natten och skjuta henne. D\u00e4refter ska han ta sj\u00e4lvmord, s\u00e4ger vittnet i f\u00f6rh\u00f6r.<\/p>\n<p>Fotat hennes bostad<\/p>\n<p>I \u00e5talet st\u00e5r det att mannen har r\u00f6rt sig kring tjejens bostad. Han har \u00e4ven fotograferat och sparat bilder fr\u00e5n omgivningen. Det misst\u00e4nker \u00e5klagaren att mannen skulle anv\u00e4nda f\u00f6r att utf\u00f6ra mordet.\u00a0<\/p>\n<p>Enligt vittnet har mannen \u00e4ven letat efter \u00f6verrakningskameror i omr\u00e5det och planerat att st\u00e4lla bilen en bit ifr\u00e5n bostaden n\u00e4r d\u00e5det skulle utf\u00f6ras.\u00a0<\/p>\n<p>Men mannen sj\u00e4lv f\u00f6rnekar att han skulle d\u00f6da henne. Enligt honom har det bara r\u00f6rt sig om \u201dm\u00f6rk humor i stridens hetta\u201d. N\u00e4r det g\u00e4ller fr\u00e5gan om vapen var det bara av \u201dnyfikenhet\u201d.\u00a0<\/p>\n<p>\u2013 Det var d\u00e5ligt, men jag menade inte allvar, s\u00e4ger han i f\u00f6rh\u00f6r.<\/p>\n","protected":false},"excerpt":{"rendered":"Uppdaterad 28 jul 2026 kl 22.32Publicerad 28 jul 2026 kl 21.19 Mannen blockerades p\u00e5 Snapchat efter en misslyckad&hellip;\n","protected":false},"author":2,"featured_media":318379,"comment_status":"","ping_status":"","sticky":false,"template":"","format":"standard","meta":{"footnotes":"","_share_on_mastodon":"0"},"categories":[12],"tags":[22,23,26,27,17,21,24,25,28,29,15,16,30036,18,34,4545,258,31,33,32,30,19,20,30029],"class_list":["post-318378","post","type-post","status-publish","format-standard","has-post-thumbnail","category-sverige","tag-breaking-news","tag-breakingnews","tag-featured-news","tag-featurednews","tag-headlines","tag-huvudnyheter","tag-latest-news","tag-latestnews","tag-main-news","tag-mainnews","tag-news","tag-nyheter","tag-rattegangar-domar","tag-rubriker","tag-se","tag-snapchat","tag-stockholm","tag-svenska","tag-sverige","tag-sweden","tag-swedish","tag-top-stories","tag-topstories","tag-valdsbrott-mord"],"share_on_mastodon":{"url":"https:\/\/pubeurope.com\/@se\/116999526045686801","error":""},"_links":{"self":[{"href":"https:\/\/www.europesays.com\/se\/wp-json\/wp\/v2\/posts\/318378","targetHints":{"allow":["GET"]}}],"collection":[{"href":"https:\/\/www.europesays.com\/se\/wp-json\/wp\/v2\/posts"}],"about":[{"href":"https:\/\/www.europesays.com\/se\/wp-json\/wp\/v2\/types\/post"}],"author":[{"embeddable":true,"href":"https:\/\/www.europesays.com\/se\/wp-json\/wp\/v2\/users\/2"}],"replies":[{"embeddable":true,"href":"https:\/\/www.europesays.com\/se\/wp-json\/wp\/v2\/comments?post=318378"}],"version-history":[{"count":0,"href":"https:\/\/www.europesays.com\/se\/wp-json\/wp\/v2\/posts\/318378\/revisions"}],"wp:featuredmedia":[{"embeddable":true,"href":"https:\/\/www.europesays.com\/se\/wp-json\/wp\/v2\/media\/318379"}],"wp:attachment":[{"href":"https:\/\/www.europesays.com\/se\/wp-json\/wp\/v2\/media?parent=318378"}],"wp:term":[{"taxonomy":"category","embeddable":true,"href":"https:\/\/www.europesays.com\/se\/wp-json\/wp\/v2\/categories?post=318378"},{"taxonomy":"post_tag","embeddable":true,"href":"https:\/\/www.europesays.com\/se\/wp-json\/wp\/v2\/tags?post=318378"}],"curies":[{"name":"wp","href":"https:\/\/api.w.org\/{rel}","templated":true}]}}