{"id":31852,"date":"2025-09-16T16:18:30","date_gmt":"2025-09-16T16:18:30","guid":{"rendered":"https:\/\/www.europesays.com\/se\/31852\/"},"modified":"2025-09-16T16:18:30","modified_gmt":"2025-09-16T16:18:30","slug":"israel-begar-folkmord-i-gaza","status":"publish","type":"post","link":"https:\/\/www.europesays.com\/se\/31852\/","title":{"rendered":"Israel beg\u00e5r folkmord i Gaza"},"content":{"rendered":"<p>En FN-utredning sl\u00e5r fast att Israel beg\u00e5r folkmord i Gaza, rapporterar internationella nyhetsbyr\u00e5er.<\/p>\n<p>\u2013 Vi kom fram till slutsatsen att folkmord sker i Gaza och att ansvaret ligger hos staten Israel, s\u00e4ger Navi Pillay, som lett utredningen, till AFP. <\/p>\n<p>Utredningen The UN Independent International Commission of Inquiry (COI) har tillsatts av FN, men \u00e4r sj\u00e4lvst\u00e4ndig och talar inte f\u00f6r fredsorganet. <\/p>\n<p>Rapporten n\u00e4mner det omfattande d\u00f6dandet, n\u00f6dhj\u00e4lpsblockaderna, tv\u00e5ngsf\u00f6rflyttningarna och f\u00f6rst\u00f6randet av m\u00f6drav\u00e5rd som anledningar till att Israels krigf\u00f6ring kan klassas som folkmord. Uttalanden fr\u00e5n bland annat premi\u00e4rminister Benjamin Netanyahu pekas ut som \u201ddirekt bevis f\u00f6r folkmordsupps\u00e5t\u201d. <\/p>\n<p>Pillay s\u00e4ger enligt Reuters att situationen kan j\u00e4mf\u00f6ras med folkmordet i Rwanda 1994. Hon sj\u00e4lv agerade som domare i FN-tribunalen f\u00f6r det fallet. <\/p>\n<p>Kommissionens slutsats avf\u00e4rdas av Israel. Den israeliske ambassad\u00f6ren i Gen\u00e8ve kallar den f\u00f6r f\u00f6rvr\u00e4ngd och falsk. <\/p>\n<p>Omni \u00e4r politiskt obundna och oberoende. Vi str\u00e4var efter att ge fler perspektiv p\u00e5 nyheterna. Har du fr\u00e5gor eller synpunkter kring v\u00e5r rapportering? <a href=\"https:\/\/omni.se\/fn-utredare-israel-begar-folkmord-i-gaza\/a\/mailto:redaktion@omni.se\" class=\"ArticleActions_contactLink__W2F1M\" rel=\"nofollow noopener\" target=\"_blank\">Kontakta redaktionen<\/a><\/p>\n","protected":false},"excerpt":{"rendered":"En FN-utredning sl\u00e5r fast att Israel beg\u00e5r folkmord i Gaza, rapporterar internationella nyhetsbyr\u00e5er. \u2013 Vi kom fram till&hellip;\n","protected":false},"author":2,"featured_media":31853,"comment_status":"","ping_status":"","sticky":false,"template":"","format":"standard","meta":{"footnotes":""},"categories":[5],"tags":[1044,22,23,26,27,121,17,21,342,24,25,28,29,124,125,3485,15,16,18,34,31,33,32,30,19,20],"class_list":{"0":"post-31852","1":"post","2":"type-post","3":"status-publish","4":"format-standard","5":"has-post-thumbnail","7":"category-rubriker","8":"tag-benjamin-netanyahu","9":"tag-breaking-news","10":"tag-breakingnews","11":"tag-featured-news","12":"tag-featurednews","13":"tag-gaza","14":"tag-headlines","15":"tag-huvudnyheter","16":"tag-israel","17":"tag-latest-news","18":"tag-latestnews","19":"tag-main-news","20":"tag-mainnews","21":"tag-mellanostern","22":"tag-mellanosternkrisen","23":"tag-navi-pillay","24":"tag-news","25":"tag-nyheter","26":"tag-rubriker","27":"tag-se","28":"tag-svenska","29":"tag-sverige","30":"tag-sweden","31":"tag-swedish","32":"tag-top-stories","33":"tag-topstories"},"share_on_mastodon":{"url":"","error":""},"_links":{"self":[{"href":"https:\/\/www.europesays.com\/se\/wp-json\/wp\/v2\/posts\/31852","targetHints":{"allow":["GET"]}}],"collection":[{"href":"https:\/\/www.europesays.com\/se\/wp-json\/wp\/v2\/posts"}],"about":[{"href":"https:\/\/www.europesays.com\/se\/wp-json\/wp\/v2\/types\/post"}],"author":[{"embeddable":true,"href":"https:\/\/www.europesays.com\/se\/wp-json\/wp\/v2\/users\/2"}],"replies":[{"embeddable":true,"href":"https:\/\/www.europesays.com\/se\/wp-json\/wp\/v2\/comments?post=31852"}],"version-history":[{"count":0,"href":"https:\/\/www.europesays.com\/se\/wp-json\/wp\/v2\/posts\/31852\/revisions"}],"wp:featuredmedia":[{"embeddable":true,"href":"https:\/\/www.europesays.com\/se\/wp-json\/wp\/v2\/media\/31853"}],"wp:attachment":[{"href":"https:\/\/www.europesays.com\/se\/wp-json\/wp\/v2\/media?parent=31852"}],"wp:term":[{"taxonomy":"category","embeddable":true,"href":"https:\/\/www.europesays.com\/se\/wp-json\/wp\/v2\/categories?post=31852"},{"taxonomy":"post_tag","embeddable":true,"href":"https:\/\/www.europesays.com\/se\/wp-json\/wp\/v2\/tags?post=31852"}],"curies":[{"name":"wp","href":"https:\/\/api.w.org\/{rel}","templated":true}]}}