{"id":31858,"date":"2025-09-16T16:26:22","date_gmt":"2025-09-16T16:26:22","guid":{"rendered":"https:\/\/www.europesays.com\/se\/31858\/"},"modified":"2025-09-16T16:26:22","modified_gmt":"2025-09-16T16:26:22","slug":"landslagsspelaren-gravid-valkomnar-en-bebis-i-mars-handboll","status":"publish","type":"post","link":"https:\/\/www.europesays.com\/se\/31858\/","title":{"rendered":"Landslagsspelaren gravid: \u201dV\u00e4lkomnar en bebis i mars\u201d | Handboll"},"content":{"rendered":"<p>Publicerad 16 sep 2025 kl 17.50Uppdaterad kl 17.57<\/p>\n<p>I b\u00f6rjan av augusti blev Sofia Hvenfelt klubbl\u00f6s.<\/p>\n<p>Nu delar handbollsstj\u00e4rnan med sig av gladare nyheter.<\/p>\n<p>\u201dOm allt g\u00e5r som det ska s\u00e5 v\u00e4lkomnar vi en bebis i mars\u201d, skriver hon p\u00e5 <a href=\"https:\/\/www.instagram.com\/p\/DOoi0T0CP8g\/?img_index=1\" rel=\"nofollow noopener\" target=\"_blank\">Instagram<\/a>.<\/p>\n<p><img   alt=\"\"\/><\/p>\n<p>Landslagsspelaren Sofia Hvenfelt \u00e4r gravid.<\/p>\n<p>Foto: MATHIAS BERGELD \/ BILDBYR\u00c5N<\/p>\n<p>\u00d6ppna bild i helsk\u00e4rm<img loading=\"lazy\"   alt=\"\"\/><\/p>\n<p>P\u00e5 Instagram delar hon med sig av den glada nyheten.<\/p>\n<p>Foto: Instagram<\/p>\n<p>\u00d6ppna bild i helsk\u00e4rm<\/p>\n<p>Sofia Hvenfelt, 29, och pojkv\u00e4nnen Viktor Davidsson ska bli f\u00f6r\u00e4ldrar.<\/p>\n<p>P\u00e5 Instagram delar paret med sig av bebislyckan:<\/p>\n<p>\u201dTv\u00e5 som ska bli f\u00f6r\u00e4ldrar. Om allt g\u00e5r som det ska s\u00e5 v\u00e4lkomnar vi en bebis i mars. Det k\u00e4nns fortfarande overkligt och sv\u00e5rt att f\u00f6rst\u00e5. Vi \u00e4r glada, nerv\u00f6sa och tacksamma inf\u00f6r en ny del av v\u00e5ra liv. Siktar p\u00e5 comeback p\u00e5 handbollsplanen n\u00e4sta s\u00e4song!\u201d, skriver Hvenfelt.<\/p>\n<p>I augusti blev Sofia Hvenfelt och de svenska landslagskamraterna Johanna Bundsen och Jenny Carlson klubbl\u00f6sa.\u00a0<\/p>\n<p>Det efter att den tyska storklubben Ludwigsburg, som vann ligan i v\u00e5ras, hamnat i ekonomisk kris \u2013 och tvingats bryta samtliga spelarkontrakt.<\/p>\n<p><strong>L\u00c4S MER: <\/strong><a href=\"https:\/\/www.expressen.se\/sport\/handboll\/ludwigsburg-i-ekonomisk-kris-tre-svenskor-blir-klubblosa\/\" class=\"\" rel=\"nofollow noopener\" target=\"_blank\">Ludwigsburg i ekonomisk kris \u2013 tre svenskor blir klubbl\u00f6sa<\/a><strong>L\u00c4S MER: <\/strong><a href=\"https:\/\/www.expressen.se\/sport\/handboll\/johanna-bundsen-klar-for-metz\/\" class=\"\" rel=\"nofollow noopener\" target=\"_blank\">Johanna Bundsen klar f\u00f6r Metz<\/a><script async src=\"\/\/www.instagram.com\/embed.js\"><\/script><\/p>\n","protected":false},"excerpt":{"rendered":"Publicerad 16 sep 2025 kl 17.50Uppdaterad kl 17.57 I b\u00f6rjan av augusti blev Sofia Hvenfelt klubbl\u00f6s. Nu delar&hellip;\n","protected":false},"author":2,"featured_media":31859,"comment_status":"","ping_status":"","sticky":false,"template":"","format":"standard","meta":{"footnotes":""},"categories":[5],"tags":[22,23,26,27,17,21,24,25,28,29,15,16,3521,18,34,3520,31,33,32,30,19,20],"class_list":{"0":"post-31858","1":"post","2":"type-post","3":"status-publish","4":"format-standard","5":"has-post-thumbnail","7":"category-rubriker","8":"tag-breaking-news","9":"tag-breakingnews","10":"tag-featured-news","11":"tag-featurednews","12":"tag-headlines","13":"tag-huvudnyheter","14":"tag-latest-news","15":"tag-latestnews","16":"tag-main-news","17":"tag-mainnews","18":"tag-news","19":"tag-nyheter","20":"tag-organization-sveriges-damlandslag-i-handboll","21":"tag-rubriker","22":"tag-se","23":"tag-sections-handboll","24":"tag-svenska","25":"tag-sverige","26":"tag-sweden","27":"tag-swedish","28":"tag-top-stories","29":"tag-topstories"},"share_on_mastodon":{"url":"","error":""},"_links":{"self":[{"href":"https:\/\/www.europesays.com\/se\/wp-json\/wp\/v2\/posts\/31858","targetHints":{"allow":["GET"]}}],"collection":[{"href":"https:\/\/www.europesays.com\/se\/wp-json\/wp\/v2\/posts"}],"about":[{"href":"https:\/\/www.europesays.com\/se\/wp-json\/wp\/v2\/types\/post"}],"author":[{"embeddable":true,"href":"https:\/\/www.europesays.com\/se\/wp-json\/wp\/v2\/users\/2"}],"replies":[{"embeddable":true,"href":"https:\/\/www.europesays.com\/se\/wp-json\/wp\/v2\/comments?post=31858"}],"version-history":[{"count":0,"href":"https:\/\/www.europesays.com\/se\/wp-json\/wp\/v2\/posts\/31858\/revisions"}],"wp:featuredmedia":[{"embeddable":true,"href":"https:\/\/www.europesays.com\/se\/wp-json\/wp\/v2\/media\/31859"}],"wp:attachment":[{"href":"https:\/\/www.europesays.com\/se\/wp-json\/wp\/v2\/media?parent=31858"}],"wp:term":[{"taxonomy":"category","embeddable":true,"href":"https:\/\/www.europesays.com\/se\/wp-json\/wp\/v2\/categories?post=31858"},{"taxonomy":"post_tag","embeddable":true,"href":"https:\/\/www.europesays.com\/se\/wp-json\/wp\/v2\/tags?post=31858"}],"curies":[{"name":"wp","href":"https:\/\/api.w.org\/{rel}","templated":true}]}}