{"id":318854,"date":"2026-07-29T10:01:16","date_gmt":"2026-07-29T10:01:16","guid":{"rendered":"https:\/\/www.europesays.com\/se\/318854\/"},"modified":"2026-07-29T10:01:16","modified_gmt":"2026-07-29T10:01:16","slug":"teknik-som-imax-och-70-mm-for-the-odyssey-och-spider-man-kan-leda-biograferna-i-fallan","status":"publish","type":"post","link":"https:\/\/www.europesays.com\/se\/318854\/","title":{"rendered":"Teknik som iMax och 70 mm f\u00f6r \u201dThe Odyssey\u201d och \u201dSpider-man\u201d kan leda biograferna i f\u00e4llan."},"content":{"rendered":"<p>  <a href=\"https:\/\/www.svd.se\/av\/marit-furn\" title=\"Marit Furn\" rel=\"nofollow noopener\" target=\"_blank\"><img decoding=\"async\" alt=\"Marit Furn\" class=\"_image_12vp2_69\" loading=\"lazy\"  src=\"https:\/\/www.europesays.com\/se\/wp-content\/uploads\/2026\/07\/1785319276_945_df9bf3fe-20c6-4b1e-b721-d68705d8a9ff.png\"  width=\"40\"\/><\/a><img alt=\"\" class=\"_image_1jxax_84 layout-component layout-wide\" data-fullscreen- data-track-element-type=\"Article image fullscreen\" data-track-name=\"ImageFullscreen\" fetchpriority=\"high\" decoding=\"sync\" loading=\"eager\" height=\"1124\" itemprop=\"image\"  src=\"https:\/\/www.europesays.com\/se\/wp-content\/uploads\/2026\/07\/34a3df68-7742-39b2-8441-e3ed9720f8b2.jpeg\"  style=\"object-position:68.65932966483241% 57.517793594306056%\" width=\"1999\"\/><\/p>\n<p class=\"_textTheme_zldsx_1 _lead_16k26_2 _lead_3ue4t_18 layout-component layout-normal layout-padded _lead_o6m9k_5 _leadTheme_1q6sv_1 body-large bold\">Det \u00e4r annat \u00e4n maxad teknik som kr\u00e4vs f\u00f6r att att r\u00e4dda biobranschen.<\/p>\n<p class=\"_textTheme_zldsx_1 _paragraph_16k26_4 _paragraph_3ue4t_27 layout-component layout-normal\">Detta \u00e4r en kr\u00f6nika. Eventuella \u00e5sikter som uttrycks \u00e4r skribentens egna.<\/p>\n<p class=\"_textTheme_zldsx_1 _paragraph_16k26_4 _paragraph_3ue4t_27 layout-component layout-normal layout-padded body-medium\">\u201dSpider-Man: Brand new day\u201d spelades in i Imax men f\u00e5r inte Stockholmspremi\u00e4r i formatet. Salongerna \u00e4r fortfarande ockuperade av \u201dThe Odyssey\u201d. Likadant ser det ut i USA.<\/p>\n<p class=\"_textTheme_zldsx_1 _paragraph_16k26_4 _paragraph_3ue4t_27 layout-component layout-normal layout-padded body-medium\">Trots att den nya Marvel-filmen \u00e4r den f\u00f6rsta att filmas f\u00f6r formatet Screen X kommer vi inte heller f\u00e5 se Spindelmannen sv\u00e4nga sig mellan skyskraporna i en omslutande 270-graders-version, med tv\u00e5 extra dukar som str\u00e4cker sig utmed sidorna i salongen.<strong class=\"_strong_16k26_20\"> <\/strong>(Obs \u2013 om du vill signalera format-maxxing, se till att f\u00e5 in minst ett X i produktnamnet.) I Sverige finns \u00e4nnu inga s\u00e5dana biografer.<\/p>\n","protected":false},"excerpt":{"rendered":"Det \u00e4r annat \u00e4n maxad teknik som kr\u00e4vs f\u00f6r att att r\u00e4dda biobranschen. Detta \u00e4r en kr\u00f6nika. Eventuella&hellip;\n","protected":false},"author":2,"featured_media":318855,"comment_status":"","ping_status":"","sticky":false,"template":"","format":"standard","meta":{"footnotes":"","_share_on_mastodon":"0"},"categories":[67],"tags":[28329,104,903,33032,34,3864,21491,31,33,32,30,105],"class_list":["post-318854","post","type-post","status-publish","format-standard","has-post-thumbnail","category-underhallning","tag-biografer","tag-entertainment","tag-film","tag-ljud-och-bild","tag-se","tag-spiderman","tag-svd-berattande-kultur","tag-svenska","tag-sverige","tag-sweden","tag-swedish","tag-underhallning"],"share_on_mastodon":{"url":"https:\/\/pubeurope.com\/@se\/117002691799109949","error":""},"_links":{"self":[{"href":"https:\/\/www.europesays.com\/se\/wp-json\/wp\/v2\/posts\/318854","targetHints":{"allow":["GET"]}}],"collection":[{"href":"https:\/\/www.europesays.com\/se\/wp-json\/wp\/v2\/posts"}],"about":[{"href":"https:\/\/www.europesays.com\/se\/wp-json\/wp\/v2\/types\/post"}],"author":[{"embeddable":true,"href":"https:\/\/www.europesays.com\/se\/wp-json\/wp\/v2\/users\/2"}],"replies":[{"embeddable":true,"href":"https:\/\/www.europesays.com\/se\/wp-json\/wp\/v2\/comments?post=318854"}],"version-history":[{"count":0,"href":"https:\/\/www.europesays.com\/se\/wp-json\/wp\/v2\/posts\/318854\/revisions"}],"wp:featuredmedia":[{"embeddable":true,"href":"https:\/\/www.europesays.com\/se\/wp-json\/wp\/v2\/media\/318855"}],"wp:attachment":[{"href":"https:\/\/www.europesays.com\/se\/wp-json\/wp\/v2\/media?parent=318854"}],"wp:term":[{"taxonomy":"category","embeddable":true,"href":"https:\/\/www.europesays.com\/se\/wp-json\/wp\/v2\/categories?post=318854"},{"taxonomy":"post_tag","embeddable":true,"href":"https:\/\/www.europesays.com\/se\/wp-json\/wp\/v2\/tags?post=318854"}],"curies":[{"name":"wp","href":"https:\/\/api.w.org\/{rel}","templated":true}]}}