{"id":31886,"date":"2025-09-16T17:34:25","date_gmt":"2025-09-16T17:34:25","guid":{"rendered":"https:\/\/www.europesays.com\/se\/31886\/"},"modified":"2025-09-16T17:34:25","modified_gmt":"2025-09-16T17:34:25","slug":"paret-badade-i-kanalen-fick-boter-och-portades","status":"publish","type":"post","link":"https:\/\/www.europesays.com\/se\/31886\/","title":{"rendered":"Paret badade i kanalen \u2013 fick b\u00f6ter och portades"},"content":{"rendered":"<p>Publicerad 16 sep 2025 kl 00.26<\/p>\n<p>Mannen och kvinnan tog ett dopp.<\/p>\n<p>D\u00e5 blev de portade \u2013 och fick betala n\u00e4stan 10\u00a0000 kronor i b\u00f6ter.<\/p>\n<p>I Venedig \u00e4r det n\u00e4mligen f\u00f6rbjudet att bada i kanalerna, och inv\u00e5narna har tr\u00f6ttnat p\u00e5 turisternas \u201drespektl\u00f6sa och oh\u00f6vliga\u201d beteende.<\/p>\n<p>Venedig \u2013\u00a0v\u00e4rldens mest romantiska stad.<img   alt=\"\"\/><\/p>\n<p>Det var i Canal Grande som paret badade.<\/p>\n<p>Foto: Felix H\u00f6rhager \/ TT NYHETSBYR\u00c5N<\/p>\n<p>\u00d6ppna bild i helsk\u00e4rm<\/p>\n<p>Den brittiska mannen i 35-\u00e5rs\u00e5ldern och den rum\u00e4nska kvinnan i 25-\u00e5rs\u00e5ldern anl\u00e4nde <a href=\"https:\/\/www.expressen.se\/tagg\/location\/venedig\/\" class=\"\" rel=\"nofollow noopener\" target=\"_blank\">Venedig<\/a> i torsdags.<\/p>\n<p>Senare samma dag fick paret l\u00e4mna.<\/p>\n<p>Kommunen vill \u201dskydda\u201d Venedig<\/p>\n<p>Orsaken var att de hade b\u00e5da hade tagit ett dopp i Canal Grande, uppt\u00e4ckts av gondolj\u00e4rer och anm\u00e4lts till polisen, rapporterar flera medier. Bland annat <a href=\"https:\/\/www.independent.co.uk\/news\/world\/british-man-fined-swimming-venice-canal-b2826574.html\" rel=\"nofollow noopener\" target=\"_blank\">Independent<\/a> skriver att mannen och kvinnan portades fr\u00e5n staden i 48 timmar, och fick var sin bot p\u00e5 450 euro vilket motsvarar drygt 4\u00a0900 kronor.<\/p>\n<p>\u2013 Kommunen \u00e4r fast besluten att kraftfullt bek\u00e4mpa respektl\u00f6st och oh\u00f6vligt beteende. Att skydda Venedig inneb\u00e4r att f\u00f6rsvara den v\u00e4rldsunika stadens v\u00e4rdighet, s\u00e4ger s\u00e4kerhetsr\u00e5det Elisabetta Pesce enligt tidningen.<\/p>\n<p><a href=\"https:\/\/edition.cnn.com\/2025\/09\/15\/travel\/venice-fines-swimming-tourists-scli-intl#:~:text=The%2035%2Dyear%2Dold%20British,a%20dip%20in%20the%20canal.\" rel=\"nofollow noopener\" target=\"_blank\">CNN<\/a> skriver, med h\u00e4nvisning till den lokala polisen, att det hittills i \u00e5r har utf\u00e4rdats 1136 b\u00f6ter till turister som har betett sig illa. 10 av dem ska ha handlat om bad i kanalerna, vilket \u00e4r f\u00f6rbjudet bland annat p\u00e5 grund av den t\u00e4ta b\u00e5ttrafiken och det smutsiga vattnet.<\/p>\n<p>Kritik mot \u00f6verturismen<\/p>\n<p>Venedig \u00e4r bara en i en l\u00e5ng rad av europeiska orter d\u00e4r man de senaste \u00e5ren mer och mer har b\u00f6rjat protestera mot \u00f6verturismen. I popul\u00e4ra st\u00e4der och p\u00e5 v\u00e4lbes\u00f6kta \u00f6ar menar lokalborna att antalet bes\u00f6kare har blivit f\u00f6r m\u00e5nga i f\u00f6rh\u00e5llande till vad orterna klarar av, och att det \u00e4r inv\u00e5narna som f\u00e5r st\u00e5 tillbaka n\u00e4r det bland annat blir allt dyrare att bo och infrastruktur och annan service inte h\u00e5ller m\u00e5ttet.<\/p>\n<p>I Venedig lyftes fr\u00e5gan inte minst i juni, n\u00e4r Amazongrundaren Jeff Bezos och tv-journalisten Lauren Sanchez <a href=\"https:\/\/www.expressen.se\/nyheter\/varlden\/detaljerna-om-jeff-bezos-och-lauren-sanchez-lyxbrollop-i-venedig\/\" rel=\"nofollow noopener\" target=\"_blank\">gifte sig i den italienska turistp\u00e4rlan<\/a>.<\/p>\n<p><strong>L\u00c4S MER: <\/strong><a href=\"https:\/\/www.expressen.se\/nyheter\/varlden\/lista-har-ar-de-varsta-turiststallena-i-eu\/\" class=\"\" rel=\"nofollow noopener\" target=\"_blank\">Lista: H\u00e4r \u00e4r de v\u00e4rsta turistst\u00e4llena i EU<\/a><\/p>\n","protected":false},"excerpt":{"rendered":"Publicerad 16 sep 2025 kl 00.26 Mannen och kvinnan tog ett dopp. D\u00e5 blev de portade \u2013 och&hellip;\n","protected":false},"author":2,"featured_media":31887,"comment_status":"","ping_status":"","sticky":false,"template":"","format":"standard","meta":{"footnotes":""},"categories":[5],"tags":[22,23,26,27,17,21,24,25,2361,28,29,15,16,18,34,55,31,33,32,30,19,856,20],"class_list":{"0":"post-31886","1":"post","2":"type-post","3":"status-publish","4":"format-standard","5":"has-post-thumbnail","7":"category-rubriker","8":"tag-breaking-news","9":"tag-breakingnews","10":"tag-featured-news","11":"tag-featurednews","12":"tag-headlines","13":"tag-huvudnyheter","14":"tag-latest-news","15":"tag-latestnews","16":"tag-location-venedig","17":"tag-main-news","18":"tag-mainnews","19":"tag-news","20":"tag-nyheter","21":"tag-rubriker","22":"tag-se","23":"tag-sections-varlden","24":"tag-svenska","25":"tag-sverige","26":"tag-sweden","27":"tag-swedish","28":"tag-top-stories","29":"tag-topic-resa-turism","30":"tag-topstories"},"share_on_mastodon":{"url":"","error":""},"_links":{"self":[{"href":"https:\/\/www.europesays.com\/se\/wp-json\/wp\/v2\/posts\/31886","targetHints":{"allow":["GET"]}}],"collection":[{"href":"https:\/\/www.europesays.com\/se\/wp-json\/wp\/v2\/posts"}],"about":[{"href":"https:\/\/www.europesays.com\/se\/wp-json\/wp\/v2\/types\/post"}],"author":[{"embeddable":true,"href":"https:\/\/www.europesays.com\/se\/wp-json\/wp\/v2\/users\/2"}],"replies":[{"embeddable":true,"href":"https:\/\/www.europesays.com\/se\/wp-json\/wp\/v2\/comments?post=31886"}],"version-history":[{"count":0,"href":"https:\/\/www.europesays.com\/se\/wp-json\/wp\/v2\/posts\/31886\/revisions"}],"wp:featuredmedia":[{"embeddable":true,"href":"https:\/\/www.europesays.com\/se\/wp-json\/wp\/v2\/media\/31887"}],"wp:attachment":[{"href":"https:\/\/www.europesays.com\/se\/wp-json\/wp\/v2\/media?parent=31886"}],"wp:term":[{"taxonomy":"category","embeddable":true,"href":"https:\/\/www.europesays.com\/se\/wp-json\/wp\/v2\/categories?post=31886"},{"taxonomy":"post_tag","embeddable":true,"href":"https:\/\/www.europesays.com\/se\/wp-json\/wp\/v2\/tags?post=31886"}],"curies":[{"name":"wp","href":"https:\/\/api.w.org\/{rel}","templated":true}]}}