{"id":319000,"date":"2026-07-29T12:42:30","date_gmt":"2026-07-29T12:42:30","guid":{"rendered":"https:\/\/www.europesays.com\/se\/319000\/"},"modified":"2026-07-29T12:42:30","modified_gmt":"2026-07-29T12:42:30","slug":"recension-spider-man-brand-new-day","status":"publish","type":"post","link":"https:\/\/www.europesays.com\/se\/319000\/","title":{"rendered":"Recension: Spider-Man: Brand new day"},"content":{"rendered":"<p>  <img alt=\"\" class=\"_image_1jxax_84 layout-component layout-wide\" data-fullscreen- data-track-element-type=\"Article image fullscreen\" data-track-name=\"ImageFullscreen\" fetchpriority=\"high\" decoding=\"sync\" loading=\"eager\" height=\"3592\" itemprop=\"image\"  src=\"https:\/\/www.europesays.com\/se\/wp-content\/uploads\/2026\/07\/2171d65c-4769-3d37-a014-aa03c4a3660c.jpeg\"  style=\"object-position:0% 0%\" width=\"5392\"\/><\/p>\n<p class=\"_textTheme_zldsx_1 _lead_16k26_2 _lead_3ue4t_18 layout-component layout-normal layout-padded _lead_o6m9k_5 _leadTheme_1q6sv_1 body-large bold\">Nya Spider-Man dryper av troper, men kanske \u00e4r det om\u00f6jligt att g\u00f6ra en originell superhj\u00e4ltefilm vid det h\u00e4r laget?<\/p>\n<p>           Spider-Man: Brand new day<\/p>\n<dl class=\"label-medium _detailsList_w1edp_15 _metaText_w1edp_1\">\n<p><dd class=\"label-medium _detailsListValue_w1edp_24 _metaText_w1edp_1\"> Drama<\/dd>\n<\/p>\n<p><dt class=\"label-medium _detailsListKey_w1edp_15 _metaText_w1edp_1\">Regi<\/dt>\n<dd class=\"label-medium _detailsListValue_w1edp_24 _metaText_w1edp_1\"> Destin Daniel Cretton<\/dd>\n<\/p>\n<p><dt class=\"label-medium _detailsListKey_w1edp_15 _metaText_w1edp_1\">Manus<\/dt>\n<dd class=\"label-medium _detailsListValue_w1edp_24 _metaText_w1edp_1\"> Chris McKenna, Erik Sommers<\/dd>\n<\/p>\n<p><dt class=\"label-medium _detailsListKey_w1edp_15 _metaText_w1edp_1\">Medverkande<\/dt>\n<dd class=\"label-medium _detailsListValue_w1edp_24 _metaText_w1edp_1\"> Tom Holland, Zendaya, Sadie Sink, Jacob Batalon, Jon Bernthal<\/dd>\n<\/p>\n<p><dt class=\"label-medium _detailsListKey_w1edp_15 _metaText_w1edp_1\">L\u00e4ngd<\/dt>\n<dd class=\"label-medium _detailsListValue_w1edp_24 _metaText_w1edp_1\"> 2 tim 25 min<\/dd>\n<\/p>\n<\/dl>\n<p class=\"label-medium _detailsAdditional_w1edp_48 _metaText_w1edp_1\">Biofilm. Fr\u00e5n 11 \u00e5r<\/p>\n<p><img alt=\"T\u00e4rning 3\" class=\"_light_lpr5w_6\" decoding=\"async\" loading=\"lazy\" src=\"https:\/\/text-experience-assets.svd.se\/article\/_astro\/svd-3.C-evXk0e.svg\"\/><img alt=\"T\u00e4rning 3\" class=\"_dark_lpr5w_1\" decoding=\"async\" loading=\"lazy\" src=\"https:\/\/text-experience-assets.svd.se\/article\/_astro\/svd-3-dark.mJLW9DAm.svg\"\/>    <\/p>\n<p class=\"_textTheme_zldsx_1 _paragraph_16k26_4 _paragraph_3ue4t_27 layout-component layout-normal layout-padded body-medium\">Vad t\u00e4nker du p\u00e5 n\u00e4r du h\u00f6r ordet \u201dklibbigt\u201d? Ett f\u00e4rskspunnet och tr\u00e5digt spindeln\u00e4t, eller ett l\u00e4skst\u00e4nkt och popcornbestr\u00f6tt biografgolv? Om svaret \u00e4r b\u00e5da s\u00e5 b\u00f6r dina spindelsinnen pirra: \u201dSpider-Man: Brand new day\u201d har premi\u00e4r i dagarna.<\/p>\n","protected":false},"excerpt":{"rendered":"Nya Spider-Man dryper av troper, men kanske \u00e4r det om\u00f6jligt att g\u00f6ra en originell superhj\u00e4ltefilm vid det h\u00e4r&hellip;\n","protected":false},"author":2,"featured_media":319001,"comment_status":"","ping_status":"","sticky":false,"template":"","format":"standard","meta":{"footnotes":"","_share_on_mastodon":"0"},"categories":[67],"tags":[104,34,3864,21491,31,33,32,30,105],"class_list":["post-319000","post","type-post","status-publish","format-standard","has-post-thumbnail","category-underhallning","tag-entertainment","tag-se","tag-spiderman","tag-svd-berattande-kultur","tag-svenska","tag-sverige","tag-sweden","tag-swedish","tag-underhallning"],"share_on_mastodon":{"url":"https:\/\/pubeurope.com\/@se\/117003324868795931","error":""},"_links":{"self":[{"href":"https:\/\/www.europesays.com\/se\/wp-json\/wp\/v2\/posts\/319000","targetHints":{"allow":["GET"]}}],"collection":[{"href":"https:\/\/www.europesays.com\/se\/wp-json\/wp\/v2\/posts"}],"about":[{"href":"https:\/\/www.europesays.com\/se\/wp-json\/wp\/v2\/types\/post"}],"author":[{"embeddable":true,"href":"https:\/\/www.europesays.com\/se\/wp-json\/wp\/v2\/users\/2"}],"replies":[{"embeddable":true,"href":"https:\/\/www.europesays.com\/se\/wp-json\/wp\/v2\/comments?post=319000"}],"version-history":[{"count":0,"href":"https:\/\/www.europesays.com\/se\/wp-json\/wp\/v2\/posts\/319000\/revisions"}],"wp:featuredmedia":[{"embeddable":true,"href":"https:\/\/www.europesays.com\/se\/wp-json\/wp\/v2\/media\/319001"}],"wp:attachment":[{"href":"https:\/\/www.europesays.com\/se\/wp-json\/wp\/v2\/media?parent=319000"}],"wp:term":[{"taxonomy":"category","embeddable":true,"href":"https:\/\/www.europesays.com\/se\/wp-json\/wp\/v2\/categories?post=319000"},{"taxonomy":"post_tag","embeddable":true,"href":"https:\/\/www.europesays.com\/se\/wp-json\/wp\/v2\/tags?post=319000"}],"curies":[{"name":"wp","href":"https:\/\/api.w.org\/{rel}","templated":true}]}}