{"id":31910,"date":"2025-09-16T18:25:07","date_gmt":"2025-09-16T18:25:07","guid":{"rendered":"https:\/\/www.europesays.com\/se\/31910\/"},"modified":"2025-09-16T18:25:07","modified_gmt":"2025-09-16T18:25:07","slug":"trump-har-ratt-i-sin-kritik-av-europa-som-koper-rysk-gas-och-olja","status":"publish","type":"post","link":"https:\/\/www.europesays.com\/se\/31910\/","title":{"rendered":"Trump har r\u00e4tt i sin kritik av Europa som k\u00f6per rysk gas och olja"},"content":{"rendered":"<p>Donald Trump har en po\u00e4ng denna g\u00e5ng.<\/p>\n<p>Europa \u00e4r fortfarande f\u00f6r beroende av rysk energi.<\/p>\n<p>Och finansierar d\u00e4rmed Vladimir Putins krig.<\/p>\n<p>Nyheter, intervjuer, reportage och analyser om Rysslands invasionskrig i Ukraina.<\/p>\n<p>Detta \u00e4r en kommenterande text. Analys och st\u00e4llningstaganden \u00e4r skribentens.<\/p>\n<p><img   alt=\"\"\/><\/p>\n<p>En rysk anl\u00e4ggning f\u00f6r LNG i Murmansk<\/p>\n<p>Foto: TASS \/ TT NYHETSBYR\u00c5N<\/p>\n<p>\u00d6ppna bild i helsk\u00e4rm<img loading=\"lazy\"   alt=\"\"\/><\/p>\n<p>Rysslands president Vladimi Putin<\/p>\n<p>Foto: VYACHESLAV PROKOFYEV \/ SPUTNIK \/ KREMLIN P \/ EPA SPUTNIK POOL<\/p>\n<p>\u00d6ppna bild i helsk\u00e4rm<img   alt=\"\"\/>Mats Larsson<\/p>\n<p>Det har varit mycket rubriker den senaste tiden om att Kina och Indien med sin stora import av olja fr\u00e5n Ryssland bidrar till att h\u00e5lla Vladimir Putins krigsekonomi under armarna.<\/p>\n<p>Donald Trump har inf\u00f6rt strafftullar p\u00e5 50 procent mot Indien, men d\u00e4remot inget mot Kina. Det finns f\u00e4rdiga planer i USA:s kongress p\u00e5 h\u00e5rdare sanktioner mot b\u00e4gge l\u00e4nderna.<\/p>\n<p>Den typen av straff\u00e5tg\u00e4rder skulle verkligen p\u00e5 allvar kunna hota Rysslands ekonomi ifall Kina och Indien p\u00e5 allvar skulle strypa sin import.<\/p>\n<p>Men d\u00e4r \u00e4r vi inte \u00e4n. USA:s president Donald Trump antyder ibland att han \u00e4r beredd att inf\u00f6ra denna typ av tuffa sanktioner, men hittills \u00e4r det bara ord.<\/p>\n<p>I helgen riktade han i st\u00e4llet str\u00e5lkastarljuset mot USA:s Nato-allierade i Europa. Trump sa sig vara beredd att inf\u00f6ra de h\u00e5rda sanktionerna, men d\u00e5 f\u00e5r minsann europ\u00e9erna ocks\u00e5 ansluta.<\/p>\n<p>S\u00e5 det senaste budet \u00e4r att han lovar inf\u00f6r sanktionerna n\u00e4r alla Nato l\u00e4nder \u201dSLUTAR K\u00d6PA OLJA FR\u00c5N RYSSLAND\u201d, som han skrev med versaler p\u00e5 Truth Social.<\/p>\n<p>USA har redan tidigare vid flera m\u00f6ten med europeiska ledare och G7 m\u00f6tena uttryckt liknande krav p\u00e5 Europa.<\/p>\n<p><strong>S\u00e5 hur ser d\u00e5 l\u00e4get ut? Har inte EU sedan Rysslands invasion avbrutit all import av rysk olja och gas?<\/strong><\/p>\n<p><strong>Nej, s\u00e5 \u00e4r det inte. \u00a0EU har onekligen kraftigt dragit ner p\u00e5 importen av rysk olja, men rysk naturgas anl\u00e4nder fortfarande i stora m\u00e4ngder, framf\u00f6r allt ombord p\u00e5 fartyg som fraktar LNG d\u00e4r gasen transporteras i flytande form.<\/strong><\/p>\n<p>Tittar vi p\u00e5 augustisiffrorna fr\u00e5n Centre for Research on Energy and Clean Air, Crea, s\u00e5 \u00e4r det <a href=\"https:\/\/www.expressen.se\/tagg\/organization\/eu\/\" class=\"\" rel=\"nofollow noopener\" target=\"_blank\">EU<\/a> som ligger i topp vad g\u00e4ller importen av rysk gas. Kina \u00e4r p\u00e5 andra plats, Japan p\u00e5 tredje.<\/p>\n<p>Inom EU \u00e4r det fr\u00e4mst l\u00e4nder som Frankrike, Nederl\u00e4nderna och Belgien som \u00e4r de stora import\u00f6rerna, k\u00e4rnl\u00e4nder \u00e4ven i Nato.<\/p>\n<p>Kriget i Ukraina \u00e4r djupt inne p\u00e5 sitt fj\u00e4rde \u00e5r nu. Den ryska energiexporten ger Moskva stora och viktiga inkomster.<\/p>\n<p>Och faktum \u00e4r att under det tredje \u00e5ret av krig s\u00e5 importerade EU fossila br\u00e4nslen fr\u00e5n Ryssland till ett v\u00e4rde av 220 miljarder kronor.<\/p>\n<p>Den summan \u00f6verstiger vad EU gav i finansiellt bist\u00e5nd till Ukraina, 189 miljarder. S\u00e5 ja, EU ger p\u00e5 s\u00e4tt och vis med ena handen och tar med den andra.<\/p>\n<p>N\u00e4r det g\u00e4ller rysk olja \u2013 och det var olja som Trump talade om p\u00e5 Truth Social \u2013 s\u00e5 \u00e4r Kina och Indien i en klass f\u00f6r sig vad g\u00e4ller import.<\/p>\n<p>Men p\u00e5 tredje plats kommer \u2013 just det \u2013 EU. Unionen delar den platsen med Turkiet, b\u00e4gge importerar sex procent av den totala ryska oljeexporten.<\/p>\n<p>Annons<\/p>\n<p>Men h\u00e4r handlar det egentligen mest om tv\u00e5 EU-l\u00e4nder, Ungern och Slovakien. De importerar via oljeledningen Druzjba.<\/p>\n<p>Ungerns Viktor Orban har l\u00e4nge odlat n\u00e4ra band med Vladimir Putin och \u00e4r beroende av hans billiga olja. Han r\u00e5kar ocks\u00e5 vara en av Trumps n\u00e4rmaste allierade i EU.<\/p>\n<p>B\u00e5de Ungern och Slovakien har beviljats undantag (EU har redan inf\u00f6rt importf\u00f6rbud av olja) men tanken var att de skulle st\u00e4lla om sig och hitta andra leverant\u00f6rer. Inte s\u00e5 mycket har skett.\u00a0<\/p>\n<p>Orban \u2013 liksom Slovakiens Robert Fico \u2013 kommer garanterat att kr\u00e4va kompensationer och hj\u00e4lp om de f\u00f6rbjuds importera ryska olja i framtiden.<\/p>\n<p><strong>Och det \u00e4r vad EU planerar. Senast den 1 januari 2028 ska all import av rysk olja och gas till EU vara stoppad.<\/strong><\/p>\n<p><strong>Men det \u00e4r \u00f6ver tv\u00e5 \u00e5r dit. Och m\u00e4rk v\u00e4l att Trump n\u00e4r han villkorade amerikanska sanktioner kr\u00e4vde ett totalt oljeimportstopp f\u00f6r alla Nato-l\u00e4nder.<\/strong><\/p>\n<p>Dit h\u00f6r som bekant Turkiet. Och Recep Tayyip Erdogan har inga planer p\u00e5 att minska sin import av rysk energi. Han ser tv\u00e4rtom landet som en viktig brygga mellan Ryssland och Ukraina.<\/p>\n<blockquote><p>\u201dTvingar Europa att se sig i spegeln\u201d<\/p><\/blockquote>\n<p>S\u00e5 ja, Trump har po\u00e4nger n\u00e4r han tvingar Europa att se sig i spegeln, men han vet ocks\u00e5 att detta \u00e4r en process om kommer att ta tid.<\/p>\n<p>Och en del av det Trump \u00f6nskar, som europeiska strafftullar p\u00e5 kinesisk import kommer med stor sannolikhet aldrig att h\u00e4nda.\u00a0<\/p>\n<p>Allt detta passar f\u00f6rst\u00e5s Vladimir Putin. Det Trumps hot betyder i praktiken \u00e4r att Ryssland inte har n\u00e5gra nya sanktioner att v\u00e4nta fr\u00e5n USA \u00e4n p\u00e5 ett tag.<\/p>\n<p><img alt=\"\"\/>Ljudklippet gick inte att spela upp<\/p>\n<p>F\u00f6rs\u00f6k igen senare<\/p>\n","protected":false},"excerpt":{"rendered":"Donald Trump har en po\u00e4ng denna g\u00e5ng. Europa \u00e4r fortfarande f\u00f6r beroende av rysk energi. Och finansierar d\u00e4rmed&hellip;\n","protected":false},"author":2,"featured_media":31911,"comment_status":"","ping_status":"","sticky":false,"template":"","format":"standard","meta":{"footnotes":""},"categories":[14],"tags":[22,23,26,27,17,21,24,25,274,28,29,15,276,16,746,1401,198,203,18,34,1492,31,33,32,30,19,60,20,51,52,53,54],"class_list":{"0":"post-31910","1":"post","2":"type-post","3":"status-publish","4":"format-standard","5":"has-post-thumbnail","7":"category-varlden","8":"tag-breaking-news","9":"tag-breakingnews","10":"tag-featured-news","11":"tag-featurednews","12":"tag-headlines","13":"tag-huvudnyheter","14":"tag-latest-news","15":"tag-latestnews","16":"tag-location-ryssland","17":"tag-main-news","18":"tag-mainnews","19":"tag-news","20":"tag-newsstory-kriget-i-ukraina","21":"tag-nyheter","22":"tag-organization-eu","23":"tag-organization-nato","24":"tag-person-donald-trump","25":"tag-person-vladimir-putin","26":"tag-rubriker","27":"tag-se","28":"tag-sections-matslarsson","29":"tag-svenska","30":"tag-sverige","31":"tag-sweden","32":"tag-swedish","33":"tag-top-stories","34":"tag-topic-krig-konflikt","35":"tag-topstories","36":"tag-varlden","37":"tag-world","38":"tag-world-news","39":"tag-worldnews"},"share_on_mastodon":{"url":"","error":""},"_links":{"self":[{"href":"https:\/\/www.europesays.com\/se\/wp-json\/wp\/v2\/posts\/31910","targetHints":{"allow":["GET"]}}],"collection":[{"href":"https:\/\/www.europesays.com\/se\/wp-json\/wp\/v2\/posts"}],"about":[{"href":"https:\/\/www.europesays.com\/se\/wp-json\/wp\/v2\/types\/post"}],"author":[{"embeddable":true,"href":"https:\/\/www.europesays.com\/se\/wp-json\/wp\/v2\/users\/2"}],"replies":[{"embeddable":true,"href":"https:\/\/www.europesays.com\/se\/wp-json\/wp\/v2\/comments?post=31910"}],"version-history":[{"count":0,"href":"https:\/\/www.europesays.com\/se\/wp-json\/wp\/v2\/posts\/31910\/revisions"}],"wp:featuredmedia":[{"embeddable":true,"href":"https:\/\/www.europesays.com\/se\/wp-json\/wp\/v2\/media\/31911"}],"wp:attachment":[{"href":"https:\/\/www.europesays.com\/se\/wp-json\/wp\/v2\/media?parent=31910"}],"wp:term":[{"taxonomy":"category","embeddable":true,"href":"https:\/\/www.europesays.com\/se\/wp-json\/wp\/v2\/categories?post=31910"},{"taxonomy":"post_tag","embeddable":true,"href":"https:\/\/www.europesays.com\/se\/wp-json\/wp\/v2\/tags?post=31910"}],"curies":[{"name":"wp","href":"https:\/\/api.w.org\/{rel}","templated":true}]}}