{"id":31951,"date":"2025-09-16T19:14:08","date_gmt":"2025-09-16T19:14:08","guid":{"rendered":"https:\/\/www.europesays.com\/se\/31951\/"},"modified":"2025-09-16T19:14:08","modified_gmt":"2025-09-16T19:14:08","slug":"lararen-eric-ingrep-stoppade-flicka-med-kniv-i-balsta","status":"publish","type":"post","link":"https:\/\/www.europesays.com\/se\/31951\/","title":{"rendered":"L\u00e4raren Eric ingrep \u2013 stoppade flicka med kniv i B\u00e5lsta"},"content":{"rendered":"<p>Publicerad 16 sep 2025 kl 18.56Uppdaterad kl 20.33<\/p>\n<p>L\u00e4raren Eric Wall hade SO-lektion n\u00e4r hans f\u00f6re detta elev kom in i klassrummet \u2013 med en stor kniv i handen.<\/p>\n<p>D\u00e5 agerade han blixtsnabbt.<\/p>\n<p>\u2013 Jag tacklade ut henne i korridoren. Det var chockerande, s\u00e4ger han.<\/p>\n<p>Nyheter, reportage och analyser i Sverige och i \u00f6vriga v\u00e4rlden.<img   alt=\"\"\/><\/p>\n<p>Flickan gick in i en h\u00f6gstadieklass i B\u00e5lsta.<\/p>\n<p>Foto: Fredrik Sandberg\/TT \/ TT NYHETSBYR\u00c5N<\/p>\n<p>\u00d6ppna bild i helsk\u00e4rm<img loading=\"lazy\"   alt=\"\"\/><\/p>\n<p>L\u00e4raren Eric Wall tillsammans med sonen Noel.<\/p>\n<p>Foto: Privat<\/p>\n<p>\u00d6ppna bild i helsk\u00e4rmArtikeln i korthet<\/p>\n<p>\u25a0 L\u00e4raren Eric stoppade en tidigare elev med kniv mitt under en lektion.<\/p>\n<p>\u25a0 Han tacklade ut ton\u00e5rsflickan och avv\u00e4pnade henne.<\/p>\n<p>\u25a0 H\u00e4ndelsen var chockerande, och b\u00e5de l\u00e4rare och elever har f\u00e5tt st\u00f6d.<\/p>\n<p>Visa mer<\/p>\n<p>H\u00e4ndelsen intr\u00e4ffade p\u00e5 en h\u00f6gstadieskola i <a href=\"https:\/\/www.expressen.se\/tagg\/location\/balsta\/\" class=\"\" rel=\"nofollow noopener\" target=\"_blank\">B\u00e5lsta<\/a> p\u00e5 m\u00e5ndagsmorgonen.\u00a0<\/p>\n<p>33-\u00e5riga Eric Wall, som \u00e4r l\u00e4rare i SO, hade precis dragit i g\u00e5ng ett geografiprov f\u00f6r de \u00e5ttondeklassare han \u00e4r mentor \u00e5t, och stod beredd vid tavlan om de skulle beh\u00f6va hj\u00e4lp.<\/p>\n<p>D\u00e5, ungef\u00e4r tio minuter in i lektionen, <a href=\"https:\/\/www.expressen.se\/nyheter\/sverige\/flicka-dok-upp-med-kniv-i-klassrummet\/\" rel=\"nofollow noopener\" target=\"_blank\">d\u00f6k en tidigare elev fr\u00e5n klassen upp.<\/a>\u00a0<\/p>\n<p>\u2013 Jag gick mot henne, h\u00e4lsade och fr\u00e5gade vad hon gjorde d\u00e4r. N\u00e4r hon kollade upp och v\u00e4nde lite p\u00e5 \u00f6verkroppen s\u00e5g jag att hon hade en kniv i h\u00f6ger hand, ber\u00e4ttar Eric Wall, som tidigare \u00e4ven har pratat med <a href=\"https:\/\/www.aftonbladet.se\/nyheter\/a\/63LQO0\/lararen-eric-wall-stoppade-flicka-med-kniv-hyllas\" rel=\"nofollow noopener\" target=\"_blank\">Aftonbladet.<\/a><\/p>\n<p>\u201dBlev brottningsmatch\u201d<\/p>\n<p>Han agerade direkt.<\/p>\n<p>\u2013 N\u00e4r jag s\u00e5g kniven tog jag tag i hennes handled med min h\u00f6gra hand och tacklade ut henne i korridoren. Med min v\u00e4nstra hand tog jag kniven fr\u00e5n henne. Det blev ett slags brottningsmatch ett tag.<\/p>\n<p>Eric Wall beskriver det som att ton\u00e5rsflickan, som enligt \u00e5klagaren \u00e4r \u00f6ver tolv \u00e5r men under femton \u00e5r gammal, \u201dgav upp helt\u201d n\u00e4r han lyckades f\u00e5 tag p\u00e5 kniven. Men han ville \u00e4nd\u00e5 f\u00e5 bort henne fr\u00e5n klassen, och tog henne till ett kontor l\u00e4ngre bort.<\/p>\n<p>D\u00e4r satt de tills polisen kom.<\/p>\n<p>\u2013 Jag satte henne p\u00e5 soffan och sl\u00e4ngde kniven p\u00e5 en hylla utom r\u00e4ckh\u00e5ll. Hon var v\u00e4ldigt arg och uppriven och skrek, men vi hade en bra relation n\u00e4r jag hade henne som elev s\u00e5 hon kunde lugna ner sig.<\/p>\n<p>F\u00e5r st\u00f6d efter h\u00e4ndelsen<\/p>\n<p>Ett och ett halvt dygn efter h\u00e4ndelsen har Eric Wall \u00e4nnu inte sm\u00e4lt den.<\/p>\n<p>\u2013 Det var en v\u00e4ldigt omtumlande situation. Det var bara chockerande, och jag har fortfarande inte riktigt f\u00f6rst\u00e5tt vad som h\u00e4nde, s\u00e4ger han.<\/p>\n<p>L\u00e4raren upplever att han f\u00e5r \u201dett otroligt st\u00f6d\u201d fr\u00e5n sina kolleger, och fr\u00e5n skolledningen, f\u00f6r att hantera h\u00e4ndelsen. \u00c4ven ber\u00f6rda elever har erbjudits st\u00f6d, och de och Eric Wall pratade igenom h\u00e4ndelsen efter att den hade h\u00e4nt.<\/p>\n<p><strong>Hur tr\u00e4nad \u00e4r man som l\u00e4rare f\u00f6r den h\u00e4r typen av h\u00e4ndelser?<\/strong><\/p>\n<p>\u2013 Jag tror att det \u00e4r ovanligt. Innan jag gick p\u00e5 semester hade skolan best\u00e4llt en kurs efter det som h\u00e4nde i \u00d6rebro (n\u00e4r tio personer sk\u00f6ts till d\u00f6ds p\u00e5 Campus Risbergska i februari, reds anm), om hur man ska hantera en skolskjutning. Det var s\u00e5 klart obehagligt n\u00e4r de pratade om allt och vad man kan tvingas g\u00f6ra, men det var ingen situation som var lik den h\u00e4r. Att f\u00f6rbereda sig k\u00e4nnas n\u00e4stan om\u00f6jligt.<\/p>\n<p>Annons<\/p>\n<p>Lyfter vikten av att se elever<\/p>\n<p>Eric Wall ber\u00e4ttar att han tror att han \u00e4nd\u00e5 reagerade instinktivt. Att det f\u00f6rsta han t\u00e4nkte n\u00e4r han s\u00e5g flickans kniv \u2013 som han beskriver som en stor stickkniv \u2013 var att kontrollera hennes handled och f\u00e5 henne att sl\u00e4ppa taget.<\/p>\n<p>\u2013 Det finns mycket i min situation som var tur. Att hon valde mitt klassrum. Att hon h\u00f6ll kniven med bladet bak\u00e5t s\u00e5 att jag kunde ta hennes handled, s\u00e4ger l\u00e4raren.<\/p>\n<p>Han forts\u00e4tter:<\/p>\n<p>\u2013 Det \u00e4r v\u00e4ldigt sv\u00e5rt. I slut\u00e4ndan \u00e4r det en tjej som m\u00e5r v\u00e4ldigt d\u00e5ligt. Man ska f\u00f6rs\u00f6ka se s\u00e5dana h\u00e4r m\u00e4nniskor, och g\u00f6ra sitt b\u00e4sta f\u00f6r dem. \u00c4ven de minsta handlingarna kan betyda v\u00e4rlden f\u00f6r n\u00e5gon.<\/p>\n<p>Eric Wall vill inte spekulera i flickans eventuella motiv, och \u00e5klagaren Sara Sundstr\u00f6m vill inte g\u00e5 in p\u00e5 vem eller vilka som ses som m\u00e5ls\u00e4gare eller andra detaljer. Men hon uppger att flickan omh\u00e4ndertogs i samband med h\u00e4ndelsen, och nu p\u00e5g\u00e5r en utredning.<\/p>\n","protected":false},"excerpt":{"rendered":"Publicerad 16 sep 2025 kl 18.56Uppdaterad kl 20.33 L\u00e4raren Eric Wall hade SO-lektion n\u00e4r hans f\u00f6re detta elev&hellip;\n","protected":false},"author":2,"featured_media":31952,"comment_status":"","ping_status":"","sticky":false,"template":"","format":"standard","meta":{"footnotes":""},"categories":[12],"tags":[22,23,26,27,17,21,24,25,3531,3518,28,29,15,16,18,34,154,31,33,32,30,19,1942,652,20],"class_list":{"0":"post-31951","1":"post","2":"type-post","3":"status-publish","4":"format-standard","5":"has-post-thumbnail","7":"category-sverige","8":"tag-breaking-news","9":"tag-breakingnews","10":"tag-featured-news","11":"tag-featurednews","12":"tag-headlines","13":"tag-huvudnyheter","14":"tag-latest-news","15":"tag-latestnews","16":"tag-location-balsta","17":"tag-location-habo-kommun","18":"tag-main-news","19":"tag-mainnews","20":"tag-news","21":"tag-nyheter","22":"tag-rubriker","23":"tag-se","24":"tag-sections-sverige","25":"tag-svenska","26":"tag-sverige","27":"tag-sweden","28":"tag-swedish","29":"tag-top-stories","30":"tag-topic-lagar","31":"tag-topic-skola-utbildning","32":"tag-topstories"},"share_on_mastodon":{"url":"","error":""},"_links":{"self":[{"href":"https:\/\/www.europesays.com\/se\/wp-json\/wp\/v2\/posts\/31951","targetHints":{"allow":["GET"]}}],"collection":[{"href":"https:\/\/www.europesays.com\/se\/wp-json\/wp\/v2\/posts"}],"about":[{"href":"https:\/\/www.europesays.com\/se\/wp-json\/wp\/v2\/types\/post"}],"author":[{"embeddable":true,"href":"https:\/\/www.europesays.com\/se\/wp-json\/wp\/v2\/users\/2"}],"replies":[{"embeddable":true,"href":"https:\/\/www.europesays.com\/se\/wp-json\/wp\/v2\/comments?post=31951"}],"version-history":[{"count":0,"href":"https:\/\/www.europesays.com\/se\/wp-json\/wp\/v2\/posts\/31951\/revisions"}],"wp:featuredmedia":[{"embeddable":true,"href":"https:\/\/www.europesays.com\/se\/wp-json\/wp\/v2\/media\/31952"}],"wp:attachment":[{"href":"https:\/\/www.europesays.com\/se\/wp-json\/wp\/v2\/media?parent=31951"}],"wp:term":[{"taxonomy":"category","embeddable":true,"href":"https:\/\/www.europesays.com\/se\/wp-json\/wp\/v2\/categories?post=31951"},{"taxonomy":"post_tag","embeddable":true,"href":"https:\/\/www.europesays.com\/se\/wp-json\/wp\/v2\/tags?post=31951"}],"curies":[{"name":"wp","href":"https:\/\/api.w.org\/{rel}","templated":true}]}}