{"id":320112,"date":"2026-07-30T15:31:18","date_gmt":"2026-07-30T15:31:18","guid":{"rendered":"https:\/\/www.europesays.com\/se\/320112\/"},"modified":"2026-07-30T15:31:18","modified_gmt":"2026-07-30T15:31:18","slug":"jesper-sunden-zelenskyj-vann-forlorade-anda","status":"publish","type":"post","link":"https:\/\/www.europesays.com\/se\/320112\/","title":{"rendered":"Jesper Sund\u00e9n: Zelenskyj vann \u2013 f\u00f6rlorade \u00e4nd\u00e5"},"content":{"rendered":"<p>  <a href=\"https:\/\/www.svd.se\/av\/jesper-sunden\" title=\"Jesper Sund\u00e9n\" rel=\"nofollow noopener\" target=\"_blank\"><img decoding=\"async\" alt=\"Jesper Sund\u00e9n\" class=\"_image_12vp2_69\" loading=\"lazy\"  src=\"https:\/\/www.europesays.com\/se\/wp-content\/uploads\/2026\/07\/1785425477_271_d334846b-185d-407a-ac8e-5e3af3f33238.png\"  width=\"40\"\/><\/a><img alt=\"\" class=\"_image_1jxax_84 layout-component layout-wide\" data-fullscreen- data-track-element-type=\"Article image fullscreen\" data-track-name=\"ImageFullscreen\" fetchpriority=\"high\" decoding=\"sync\" loading=\"eager\" height=\"560\" itemprop=\"image\"  src=\"https:\/\/www.europesays.com\/se\/wp-content\/uploads\/2026\/07\/d9178bfb-a7aa-34cb-830e-6a7011198c4c.jpeg\"  style=\"object-position:51.13095238095238% 36.07142857142857%\" width=\"840\"\/><\/p>\n<p class=\"_textTheme_zldsx_1 _lead_16k26_2 _lead_3ue4t_18 layout-component layout-normal layout-padded _lead_o6m9k_5 _leadTheme_1q6sv_1 body-large bold\">N\u00e4r Trump m\u00f6tte Ukrainas och Israels ledare i veckan mottogs Zelenskyj med st\u00f6rre v\u00e4rme \u00e4n Netanyahu. En f\u00f6ljd av hur krigslyckan sv\u00e4ngt f\u00f6r g\u00e4sterna. I slut\u00e4ndan blev resultatet \u00e4nd\u00e5 magert f\u00f6r b\u00e5da.<\/p>\n<p class=\"_textTheme_zldsx_1 _paragraph_16k26_4 _paragraph_3ue4t_27 layout-component layout-normal\">Detta \u00e4r en kommentar. Eventuella \u00e5sikter som uttrycks \u00e4r skribentens egna.<\/p>\n<p class=\"_textTheme_zldsx_1 _paragraph_16k26_4 _paragraph_3ue4t_27 layout-component layout-normal layout-padded body-medium\"><strong class=\"_strong_16k26_20\">Trump <\/strong>har l\u00e4nge haft en infekterad relation till Volodymyr Zelenskyj. Redan 2019 pressade han den ukrainske presidenten att utreda anklagelser mot Joe Biden och hans son, vilket Zelenskyj v\u00e4grade. Aff\u00e4ren, d\u00e4r Trump anklagades f\u00f6r att ha h\u00e5llit inne milit\u00e4rt st\u00f6d, ledde till att han st\u00e4lldes inf\u00f6r riksr\u00e4tt.<\/p>\n<p class=\"_textTheme_zldsx_1 _paragraph_16k26_4 _paragraph_3ue4t_27 layout-component layout-normal layout-padded body-medium\">Inf\u00f6r Zelenskyjs f\u00f6rsta bes\u00f6k i Vita huset efter Trumps \u00e5terkomst kallade Trump honom \u201den diktator\u201d. N\u00e4r de sedan m\u00f6ttes urartade samtalet i ett offentligt gr\u00e4l. Efter\u00e5t anklagade Trump den ukrainske presidenten f\u00f6r att ha varit respektl\u00f6s.<\/p>\n","protected":false},"excerpt":{"rendered":"N\u00e4r Trump m\u00f6tte Ukrainas och Israels ledare i veckan mottogs Zelenskyj med st\u00f6rre v\u00e4rme \u00e4n Netanyahu. En f\u00f6ljd&hellip;\n","protected":false},"author":2,"featured_media":320113,"comment_status":"","ping_status":"","sticky":false,"template":"","format":"standard","meta":{"footnotes":"","_share_on_mastodon":"0"},"categories":[14],"tags":[1044,22,23,385,26,27,17,21,24,25,28,29,15,16,18,34,22712,31,33,32,30,19,20,51,262,52,53,54],"class_list":["post-320112","post","type-post","status-publish","format-standard","has-post-thumbnail","category-varlden","tag-benjamin-netanyahu","tag-breaking-news","tag-breakingnews","tag-donald-trump","tag-featured-news","tag-featurednews","tag-headlines","tag-huvudnyheter","tag-latest-news","tag-latestnews","tag-main-news","tag-mainnews","tag-news","tag-nyheter","tag-rubriker","tag-se","tag-svd-fokus-utrikes","tag-svenska","tag-sverige","tag-sweden","tag-swedish","tag-top-stories","tag-topstories","tag-varlden","tag-volodymyr-zelenskyj","tag-world","tag-world-news","tag-worldnews"],"share_on_mastodon":{"url":"https:\/\/pubeurope.com\/@se\/117009651668047062","error":""},"_links":{"self":[{"href":"https:\/\/www.europesays.com\/se\/wp-json\/wp\/v2\/posts\/320112","targetHints":{"allow":["GET"]}}],"collection":[{"href":"https:\/\/www.europesays.com\/se\/wp-json\/wp\/v2\/posts"}],"about":[{"href":"https:\/\/www.europesays.com\/se\/wp-json\/wp\/v2\/types\/post"}],"author":[{"embeddable":true,"href":"https:\/\/www.europesays.com\/se\/wp-json\/wp\/v2\/users\/2"}],"replies":[{"embeddable":true,"href":"https:\/\/www.europesays.com\/se\/wp-json\/wp\/v2\/comments?post=320112"}],"version-history":[{"count":0,"href":"https:\/\/www.europesays.com\/se\/wp-json\/wp\/v2\/posts\/320112\/revisions"}],"wp:featuredmedia":[{"embeddable":true,"href":"https:\/\/www.europesays.com\/se\/wp-json\/wp\/v2\/media\/320113"}],"wp:attachment":[{"href":"https:\/\/www.europesays.com\/se\/wp-json\/wp\/v2\/media?parent=320112"}],"wp:term":[{"taxonomy":"category","embeddable":true,"href":"https:\/\/www.europesays.com\/se\/wp-json\/wp\/v2\/categories?post=320112"},{"taxonomy":"post_tag","embeddable":true,"href":"https:\/\/www.europesays.com\/se\/wp-json\/wp\/v2\/tags?post=320112"}],"curies":[{"name":"wp","href":"https:\/\/api.w.org\/{rel}","templated":true}]}}