{"id":320622,"date":"2026-07-31T02:40:17","date_gmt":"2026-07-31T02:40:17","guid":{"rendered":"https:\/\/www.europesays.com\/se\/320622\/"},"modified":"2026-07-31T02:40:17","modified_gmt":"2026-07-31T02:40:17","slug":"fucking-disaster-rydstrom-efter-forlusten-i-belgien","status":"publish","type":"post","link":"https:\/\/www.europesays.com\/se\/320622\/","title":{"rendered":"\u201dFucking disaster\u201d &#8211; Rydstr\u00f6m efter f\u00f6rlusten i Belgien"},"content":{"rendered":"<p><strong>De sista 45 minuterna avgjorde dubbelm\u00f6tet mellan Hammarby och Anderlecht.<\/strong><\/p>\n<p><strong>Henrik Rydstr\u00f6m menar att Bajen hade matchen d\u00e4r man ville ha den i paus men d\u00e4refter rasade laget ihop.<\/strong><\/p>\n<p><strong>\u2013 Andra halvleken \u00e4r en katastrof och vi ger bort det, s\u00e4ger han efter\u00e5t.<\/strong><\/p>\n<p class=\"text\">Annons<\/p>\n<p>    <a href=\"\" target=\"_blank\" class=\"fotbollsthlm-ad-link\"><br \/>\n        <img decoding=\"async\" src=\"\" class=\"image-mobile\"\/><br \/>\n        <img decoding=\"async\" src=\"\" class=\"image-desktop\"\/><br \/>\n    <\/a><\/p>\n<p>Hammarby fick en dr\u00f6mstart p\u00e5 m\u00f6tet med Anderlecht och ledde med 1-0 efter bara ett par minuter. D\u00e4refter h\u00f6ll laget st\u00e4llningarna i lite drygt en halvtimme till innan laget rasade ihop menar Henrik Rydstr\u00f6m.<\/p>\n<p>\u2013 Vi g\u00f6r 70 minuter p\u00e5 ett bra s\u00e4tt i Stockholm och kanske 35 minuter idag. Men den andra halvleken \u00e4r en katastrof och vi ger bort det, s\u00e4ger han och forts\u00e4tter:<\/p>\n<p>\u2013 Sj\u00e4lvklart \u00e4r Anderlecht bra i andra halvlek och de \u00f6kar intensiteten och hade ingenting att f\u00f6rlora. De beh\u00f6vde g\u00f6ra n\u00e5got och pressade med mer intensitet och fart. D\u00e5 tog vi ett steg tillbaka och gav bort matchen.<\/p>\n<p>Henrik Rydstr\u00f6m menar att han gjorde de f\u00f6r\u00e4ndringarna han kunde men utan att det blev n\u00e5gon direkt effekt av dem.<\/p>\n<p>\u2013 Jag f\u00f6rs\u00f6kte \u00e4ndra b\u00e5de struktur och spelare men f\u00f6r mig var det som att vi inte var mogna nog i andra halvlek. Jag \u00e4r v\u00e4ldigt besviken f\u00f6r jag tycker att vi hade matchen d\u00e4r vi ville ha den i b\u00f6rjan p\u00e5 andra.<\/p>\n<p>Rydstr\u00f6m tycker att Anderlechts aggressiva approach gav Hammarby m\u00f6jligheter som man inte tog vara p\u00e5.<\/p>\n<p>\u2013 N\u00e4r ett lag kliver s\u00e5 kan man ocks\u00e5 utnyttja det men vi gjorde inte det och blev v\u00e4ldigt \u00f6verl\u00e5tande. Ingen spelare klarar av att bryta igenom och det blir snarare att vi forts\u00e4tter att g\u00f6ra juniorm\u00e4ssiga misstag, s\u00e4ger han och menar att mittbackarna var tv\u00e5 spelare som man kan \u00f6nska mer ifr\u00e5n.<\/p>\n<p>\u2013 I f\u00f6rsta halvlek tycker jag att Victor Eriksson och Frederik Winther \u00e4r v\u00e4ldigt bra. Man kan ha h\u00f6gre krav p\u00e5 dem och de blir fega i andra halvlek. Det finns anledningar till det och de tyckte s\u00e4kert att det fanns saker runt omkring dem som gjorde att de inte kunde kliva.<\/p>\n","protected":false},"excerpt":{"rendered":"De sista 45 minuterna avgjorde dubbelm\u00f6tet mellan Hammarby och Anderlecht. Henrik Rydstr\u00f6m menar att Bajen hade matchen d\u00e4r&hellip;\n","protected":false},"author":2,"featured_media":320623,"comment_status":"","ping_status":"","sticky":false,"template":"","format":"standard","meta":{"footnotes":"","_share_on_mastodon":"0"},"categories":[5],"tags":[22,23,26,27,3712,17,21,24,25,28,29,15,16,18,34,31,33,32,30,19,20],"class_list":["post-320622","post","type-post","status-publish","format-standard","has-post-thumbnail","category-rubriker","tag-breaking-news","tag-breakingnews","tag-featured-news","tag-featurednews","tag-hammarby","tag-headlines","tag-huvudnyheter","tag-latest-news","tag-latestnews","tag-main-news","tag-mainnews","tag-news","tag-nyheter","tag-rubriker","tag-se","tag-svenska","tag-sverige","tag-sweden","tag-swedish","tag-top-stories","tag-topstories"],"share_on_mastodon":{"url":"https:\/\/pubeurope.com\/@se\/117012281858893847","error":""},"_links":{"self":[{"href":"https:\/\/www.europesays.com\/se\/wp-json\/wp\/v2\/posts\/320622","targetHints":{"allow":["GET"]}}],"collection":[{"href":"https:\/\/www.europesays.com\/se\/wp-json\/wp\/v2\/posts"}],"about":[{"href":"https:\/\/www.europesays.com\/se\/wp-json\/wp\/v2\/types\/post"}],"author":[{"embeddable":true,"href":"https:\/\/www.europesays.com\/se\/wp-json\/wp\/v2\/users\/2"}],"replies":[{"embeddable":true,"href":"https:\/\/www.europesays.com\/se\/wp-json\/wp\/v2\/comments?post=320622"}],"version-history":[{"count":0,"href":"https:\/\/www.europesays.com\/se\/wp-json\/wp\/v2\/posts\/320622\/revisions"}],"wp:featuredmedia":[{"embeddable":true,"href":"https:\/\/www.europesays.com\/se\/wp-json\/wp\/v2\/media\/320623"}],"wp:attachment":[{"href":"https:\/\/www.europesays.com\/se\/wp-json\/wp\/v2\/media?parent=320622"}],"wp:term":[{"taxonomy":"category","embeddable":true,"href":"https:\/\/www.europesays.com\/se\/wp-json\/wp\/v2\/categories?post=320622"},{"taxonomy":"post_tag","embeddable":true,"href":"https:\/\/www.europesays.com\/se\/wp-json\/wp\/v2\/tags?post=320622"}],"curies":[{"name":"wp","href":"https:\/\/api.w.org\/{rel}","templated":true}]}}