{"id":321154,"date":"2026-07-31T11:45:44","date_gmt":"2026-07-31T11:45:44","guid":{"rendered":"https:\/\/www.europesays.com\/se\/321154\/"},"modified":"2026-07-31T11:45:44","modified_gmt":"2026-07-31T11:45:44","slug":"trump-backar-om-patriot-till-ukraina","status":"publish","type":"post","link":"https:\/\/www.europesays.com\/se\/321154\/","title":{"rendered":"Trump backar om Patriot till Ukraina"},"content":{"rendered":"<p>Uppdaterad 31 jul 2026 kl 05.38Publicerad 31 jul 2026 kl 04.07<\/p>\n<p>Trump har tidigare sagt att han \u00e4r villig att ge Ukraina licens f\u00f6r Patriot-robotar.<\/p>\n<p>Men nu backar han fr\u00e5n sitt l\u00f6fte \u2013 som under de senaste m\u00e5naderna har varit en prioritet f\u00f6r Ukraina.<\/p>\n<p>\u2013 Det \u00e4r ett mycket extraordin\u00e4rt vapen och vi m\u00e5ste vara lite f\u00f6rsiktiga med vem vi licensierar det till, s\u00e4ger Trump till <a href=\"https:\/\/www.ft.com\/content\/d8c42f6b-4dba-4976-a907-c7c93bca0bbd?syn-25a6b1a6=1\" rel=\"nofollow noopener\" target=\"_blank\">Financial Times<\/a>.\u00a0<\/p>\n<p><img   alt=\"\"\/><\/p>\n<p>Donald Trump uppger till FT att han \u201dinte \u00e4r s\u00e4ker\u201d om att bevilja licens f\u00f6r Patriot-robotar till Ukraina.<\/p>\n<p>Foto: JULIA DEMAREE NIKHINSON  \/AP\/TT \/ AP TT NYHETSBYR\u00c5N<\/p>\n<p>\u00d6ppna bild i helsk\u00e4rm<img loading=\"lazy\"   alt=\"\"\/><\/p>\n<p>Zelenskyj sa efter m\u00f6tet med Trump att det var klart att Ukraina skulle f\u00e5 licens.<\/p>\n<p>Foto: PRESIDENT OF UKRAINE \/ STELLA PICTURES<\/p>\n<p>\u00d6ppna bild i helsk\u00e4rm<\/p>\n<p>Efter Nato-m\u00f6tet i b\u00f6rjan av juli sa <a href=\"https:\/\/www.expressen.se\/tagg\/person\/donald-trump\/\" class=\"\" rel=\"nofollow noopener\" target=\"_blank\">Donald Trump<\/a> att Ukraina skulle f\u00e5 licens f\u00f6r att bygga Patriot-robotar, skriver Financial Times.\u00a0<\/p>\n<p>Volodymyr Zelenskyj sa efter hans m\u00f6te med Trump i Vita huset i tisdags att den amerikanska presidenten hade g\u00e5tt med p\u00e5 att ge licensen till Ukraina. Zelenskyj ber\u00e4ttade \u00e4ven att han nyligen hade tr\u00e4ffat f\u00f6retr\u00e4dare som producerar Patriot-systemet.\u00a0<\/p>\n<p>\u2013 Jag hade ett m\u00f6te med produktionsf\u00f6retr\u00e4dare. Jag hoppas att vi kan inleda samproduktion. Det \u00e4r mycket viktigt, s\u00e4ger Zelenskyj, enligt FT.<\/p>\n<p>Men nu uppger Donald Trump i en intervju med tidningen att det inte l\u00e4ngre \u00e4r s\u00e4kert att Ukraina f\u00e5r licensen.<\/p>\n<p>\u2013 Det \u00e4r ett mycket extraordin\u00e4rt vapen och vi m\u00e5ste vara lite f\u00f6rsiktiga med vem vi licensierar det till. Vi licensierar egentligen inte utrustning, s\u00e4ger Trump till FT.<\/p>\n<p>Trump: \u201dJag vill ha fred\u201d<\/p>\n<p>Att f\u00e5 tillg\u00e5ng till Patriot-robotarna har varit en prioritet f\u00f6r Ukraina. Luftf\u00f6rsvarssystemet \u00e4r viktigt f\u00f6r Ukrainas f\u00f6rm\u00e5ga att skjuta ned ryska ballistiska robotar och skydda den civila befolkningen fr\u00e5n attacker. Det s\u00e5gs som en stor framg\u00e5ng f\u00f6r Zelenskyj n\u00e4r avtalet tidigare uppgavs vara klart.<\/p>\n<p>Trump s\u00e4ger till FT att hans huvudfokus \u00e4r att f\u00e5 slut p\u00e5 Rysslands krig. USA:s s\u00e4rskilda s\u00e4ndebud Jared Kushner och Steve Witkoff ska under de kommande dagarna bes\u00f6ka Ukraina f\u00f6r f\u00f6rsta g\u00e5ngen.\u00a0<\/p>\n<p>\u2013 Kort sagt vill vi f\u00e5 ett slut p\u00e5 kriget i Ukraina. Det \u00e4r inte robotar jag \u00e4r ute efter. Jag vill ha fred, s\u00e4ger Trump till tidningen.<\/p>\n","protected":false},"excerpt":{"rendered":"Uppdaterad 31 jul 2026 kl 05.38Publicerad 31 jul 2026 kl 04.07 Trump har tidigare sagt att han \u00e4r&hellip;\n","protected":false},"author":2,"featured_media":321155,"comment_status":"","ping_status":"","sticky":false,"template":"","format":"standard","meta":{"footnotes":"","_share_on_mastodon":"0"},"categories":[5],"tags":[22,23,385,26,27,17,21,10798,29935,24,25,28,29,15,16,18,34,9122,31,33,32,30,19,20,263,51,262],"class_list":["post-321154","post","type-post","status-publish","format-standard","has-post-thumbnail","category-rubriker","tag-breaking-news","tag-breakingnews","tag-donald-trump","tag-featured-news","tag-featurednews","tag-headlines","tag-huvudnyheter","tag-jared-kushner","tag-krig-konflikt","tag-latest-news","tag-latestnews","tag-main-news","tag-mainnews","tag-news","tag-nyheter","tag-rubriker","tag-se","tag-steve-witkoff","tag-svenska","tag-sverige","tag-sweden","tag-swedish","tag-top-stories","tag-topstories","tag-ukraina","tag-varlden","tag-volodymyr-zelenskyj"],"share_on_mastodon":{"url":"https:\/\/pubeurope.com\/@se\/117014424940817014","error":""},"_links":{"self":[{"href":"https:\/\/www.europesays.com\/se\/wp-json\/wp\/v2\/posts\/321154","targetHints":{"allow":["GET"]}}],"collection":[{"href":"https:\/\/www.europesays.com\/se\/wp-json\/wp\/v2\/posts"}],"about":[{"href":"https:\/\/www.europesays.com\/se\/wp-json\/wp\/v2\/types\/post"}],"author":[{"embeddable":true,"href":"https:\/\/www.europesays.com\/se\/wp-json\/wp\/v2\/users\/2"}],"replies":[{"embeddable":true,"href":"https:\/\/www.europesays.com\/se\/wp-json\/wp\/v2\/comments?post=321154"}],"version-history":[{"count":0,"href":"https:\/\/www.europesays.com\/se\/wp-json\/wp\/v2\/posts\/321154\/revisions"}],"wp:featuredmedia":[{"embeddable":true,"href":"https:\/\/www.europesays.com\/se\/wp-json\/wp\/v2\/media\/321155"}],"wp:attachment":[{"href":"https:\/\/www.europesays.com\/se\/wp-json\/wp\/v2\/media?parent=321154"}],"wp:term":[{"taxonomy":"category","embeddable":true,"href":"https:\/\/www.europesays.com\/se\/wp-json\/wp\/v2\/categories?post=321154"},{"taxonomy":"post_tag","embeddable":true,"href":"https:\/\/www.europesays.com\/se\/wp-json\/wp\/v2\/tags?post=321154"}],"curies":[{"name":"wp","href":"https:\/\/api.w.org\/{rel}","templated":true}]}}