{"id":321408,"date":"2026-07-31T15:30:12","date_gmt":"2026-07-31T15:30:12","guid":{"rendered":"https:\/\/www.europesays.com\/se\/321408\/"},"modified":"2026-07-31T15:30:12","modified_gmt":"2026-07-31T15:30:12","slug":"ny-elcykel-utmarker-sig-med-en-bosch-motor-elegant-design-och-robusta-funktioner","status":"publish","type":"post","link":"https:\/\/www.europesays.com\/se\/321408\/","title":{"rendered":"Ny elcykel utm\u00e4rker sig med en Bosch-motor, elegant design och robusta funktioner"},"content":{"rendered":"<p>\t\t<a href=\"https:\/\/www.notebookcheck.se\/fileadmin\/_processed_\/webp\/Notebooks\/News\/_nc5\/scottsweep20-q82-w2560-h.webp\" title=\"Sweep 20 \u00e4r en elcykel som l\u00e4mpar sig f\u00f6r vardagsbruk\" data-caption=\"Sweep 20 \u00e4r en elcykel som l\u00e4mpar sig f\u00f6r vardagsbruk [&lt;a class=&quot;dbg&quot; target=&quot;_blank&quot; href=&quot;fileadmin\/Notebooks\/News\/_nc5\/scottsweep20.jpg&quot;&gt;full resolution&lt;\/a&gt;]\" rel=\"nofollow noopener\" target=\"_blank\"><img decoding=\"async\" src=\"https:\/\/www.europesays.com\/se\/wp-content\/uploads\/2026\/07\/csm_scottsweep20_05a438d59e.jpg\" loading=\"lazy\" width=\"240\" height=\"180\" alt=\"Sweep 20 \u00e4r en elcykel som l\u00e4mpar sig f\u00f6r vardagsbruk\"\/><\/p>\n<p>\u24d8 Scott<\/p>\n<p><\/a>Sweep 20 \u00e4r en elcykel som l\u00e4mpar sig f\u00f6r vardagsbruk<\/p>\n<p>Med en stilren design, gedigna komponenter och ett konkurrenskraftigt pris \u00e4r den nya Sweep 20 en elcykel som \u00e4r skr\u00e4ddarsydd f\u00f6r pendling i staden och drivs av en Bosch-motor.<\/p>\n<p class=\"bodytext\">Scott har lanserat tv\u00e5 nya elcyklar: <a href=\"https:\/\/www.scott-sports.com\/de\/de\/product\/scott-sweep-10-bike?article=4276828580006\" class=\"external-link-new-window\" data-htmlarea-external=\"1\" rtekeep=\"1\" rel=\"nofollow noopener\" target=\"_blank\">Sweep 10<\/a> och <a href=\"https:\/\/www.scott-sports.com\/de\/de\/product\/scott-sweep-20-bike?article=4276837958008\" class=\"external-link-new-window\" data-htmlarea-external=\"1\" rtekeep=\"1\" rel=\"nofollow noopener\" target=\"_blank\">Sweep 20<\/a>. Denna artikel fokuserar p\u00e5 Sweep 20, som finns b\u00e5de med en standardram i diamantform och en ram med l\u00e5gt insteg. \u00c4ven om den f\u00f6r n\u00e4rvarande endast finns listad p\u00e5 Scotts tyska webbplats har varum\u00e4rket \u00e4ven en stark n\u00e4rvaro p\u00e5 marknader som USA. Sweep 20 klassificeras av tillverkaren som en \u201delektrisk stadscykel\u201d och klarar lika v\u00e4l l\u00e4tta terr\u00e4ngturer l\u00e4ngs asfalterade v\u00e4gar och grusv\u00e4gar. D\u00e4cken av typen Schwalbe Energizer Active Plus s\u00e4kerst\u00e4ller bra grepp p\u00e5 oasfalterade underlag, \u00e4ven om kr\u00e4vande terr\u00e4ngleder fortfarande \u00e4r f\u00f6rbjudna.&#13;<\/p>\n<p class=\"bodytext\">Kraften kommer fr\u00e5n en Bosch-motor \u2013 n\u00e4rmare best\u00e4mt <a href=\"https:\/\/www.notebookcheck.se\/Bosch-lanserar-elcykelsystemet-Hub-Drive-med-en-laett-motor-och-ett-batteri-paa-360-Wh.1325000.0.html\" target=\"_self\" class=\"internal-link\" rel=\"nofollow noopener\">tillverkarens nya baknavsmotor<\/a> ist\u00e4llet f\u00f6r ett traditionellt mittdrivsystem. Motorn levererar ett vridmoment p\u00e5 upp till 45 Nm och \u00e4r kopplad till ett avtagbart PowerTube-batteri p\u00e5 360 Wh. Medan m\u00e5nga renodlade stads-elcyklar saknar framfj\u00e4dring har Scott utrustat Sweep 20 med en SR Suntour NEX-E25-DS Coil-gaffel med 75 mm fj\u00e4dringsv\u00e4g. Elcykeln v\u00e4ger 24,6 kg (54,23 lbs).&#13;<\/p>\n<p class=\"bodytext\">Drivlinan sk\u00f6ts av ett 9-v\u00e4xlat Shimano Cues-v\u00e4xelsystem, vilket bidrar till att optimera effektiviteten och r\u00e4ckvidden. F\u00f6r daglig anv\u00e4ndning \u00e4r Sweep 20 fullt utrustad med bakre paketh\u00e5llare, st\u00e4nksk\u00e4rmar, ett st\u00f6d och integrerad belysning f\u00f6r s\u00e4ker nattcykling. P\u00e5 tillverkarens webbplats anges priset f\u00f6r Sweep 20 till 2 499 euro.<\/p>\n<p>\t<a href=\"\"><img decoding=\"async\" src=\"https:\/\/www.europesays.com\/se\/wp-content\/uploads\/2026\/07\/1785511812_545_csm_Bild_6022534c22.jpg\" loading=\"lazy\" width=\"120\" height=\"120\" alt=\"Silvio Werner\"\/><\/a><a href=\"\"><img decoding=\"async\" src=\"https:\/\/www.europesays.com\/se\/wp-content\/uploads\/2026\/07\/1785511812_809_csm_ninh_duy_ee54bf9777.jpg\" loading=\"lazy\" width=\"120\" height=\"120\" alt=\"DeepL \/ Ninh Duy\"\/><\/a>Translator: <a href=\"\" class=\"j_name\">Ninh Ngoc Duy<\/a> &#8211; Editorial Assistant  &#8211; 814621 articles published on Notebookcheck since 2008<\/p>\n","protected":false},"excerpt":{"rendered":"\u24d8 Scott Sweep 20 \u00e4r en elcykel som l\u00e4mpar sig f\u00f6r vardagsbruk Med en stilren design, gedigna komponenter&hellip;\n","protected":false},"author":2,"featured_media":321409,"comment_status":"","ping_status":"","sticky":false,"template":"","format":"standard","meta":{"footnotes":"","_share_on_mastodon":"0"},"categories":[66],"tags":[7083,11231,30936,28005,7341,7084,7085,80,78,79,33619,34,31,33,32,30,81,84,83,82],"class_list":["post-321408","post","type-post","status-publish","format-standard","has-post-thumbnail","category-vetenskap-och-teknik","tag-barbar-dator","tag-cykel","tag-e-mobilitet","tag-elcykel","tag-lansering","tag-laptop","tag-notebook","tag-science","tag-science-and-technology","tag-scienceandtechnology","tag-scoot-sweep-20","tag-se","tag-svenska","tag-sverige","tag-sweden","tag-swedish","tag-technology","tag-teknik","tag-vetenskap","tag-vetenskapteknik"],"share_on_mastodon":{"url":"https:\/\/pubeurope.com\/@se\/117015309800319004","error":""},"_links":{"self":[{"href":"https:\/\/www.europesays.com\/se\/wp-json\/wp\/v2\/posts\/321408","targetHints":{"allow":["GET"]}}],"collection":[{"href":"https:\/\/www.europesays.com\/se\/wp-json\/wp\/v2\/posts"}],"about":[{"href":"https:\/\/www.europesays.com\/se\/wp-json\/wp\/v2\/types\/post"}],"author":[{"embeddable":true,"href":"https:\/\/www.europesays.com\/se\/wp-json\/wp\/v2\/users\/2"}],"replies":[{"embeddable":true,"href":"https:\/\/www.europesays.com\/se\/wp-json\/wp\/v2\/comments?post=321408"}],"version-history":[{"count":0,"href":"https:\/\/www.europesays.com\/se\/wp-json\/wp\/v2\/posts\/321408\/revisions"}],"wp:featuredmedia":[{"embeddable":true,"href":"https:\/\/www.europesays.com\/se\/wp-json\/wp\/v2\/media\/321409"}],"wp:attachment":[{"href":"https:\/\/www.europesays.com\/se\/wp-json\/wp\/v2\/media?parent=321408"}],"wp:term":[{"taxonomy":"category","embeddable":true,"href":"https:\/\/www.europesays.com\/se\/wp-json\/wp\/v2\/categories?post=321408"},{"taxonomy":"post_tag","embeddable":true,"href":"https:\/\/www.europesays.com\/se\/wp-json\/wp\/v2\/tags?post=321408"}],"curies":[{"name":"wp","href":"https:\/\/api.w.org\/{rel}","templated":true}]}}