{"id":322072,"date":"2026-08-01T07:32:42","date_gmt":"2026-08-01T07:32:42","guid":{"rendered":"https:\/\/www.europesays.com\/se\/322072\/"},"modified":"2026-08-01T07:32:42","modified_gmt":"2026-08-01T07:32:42","slug":"trump-planerar-massiv-bombning-tillsammans-med-israel-mot-iran","status":"publish","type":"post","link":"https:\/\/www.europesays.com\/se\/322072\/","title":{"rendered":"Trump planerar massiv bombning tillsammans med Israel mot Iran"},"content":{"rendered":"<p>Uppdaterad 1 aug 2026 kl 08.29Publicerad 1 aug 2026 kl 07.06<\/p>\n<p>USA:s krig mot Iran v\u00e4ntas trappas upp.<\/p>\n<p>Trump planerar tillsammans med Israel en massiv offensiv.<\/p>\n<p>Det kan bli den kraftigaste bombningen hittills, uppger flera k\u00e4llor till CBS News.<\/p>\n<p><img   alt=\"\"\/><\/p>\n<p>Donald Trump uppges planera nya omfattande attacker mot Iran under helgen.<\/p>\n<p>Foto: JACQUELYN MARTIN  \/AP\/TT \/ AP TT NYHETSBYR\u00c5N<\/p>\n<p>\u00d6ppna bild i helsk\u00e4rm<img loading=\"lazy\"   alt=\"\"\/><\/p>\n<p>Israels premi\u00e4rminister Benjamin Netanyahu kan bist\u00e5 i nya attacker mot Iran.<\/p>\n<p>Foto: ZVULUN\/POOL\/SIPA\/SHUTTERSTOCK \/ SHUTTERSTOCK EDITORIAL\/IBL<\/p>\n<p>\u00d6ppna bild i helsk\u00e4rmArtiklen i korthet<\/p>\n<p> Trump v\u00e4ntas trappa upp kriget mot Iran, enligt amerikanska medier.<\/p>\n<p> CBS News uppger att USA och Israel planerar en omfattande bombkampanj redan i helgen.<\/p>\n<p> M\u00e5len kan bli iranska energianl\u00e4ggningar och elf\u00f6rs\u00f6rjning.<\/p>\n<p>Visa mer<\/p>\n<p>Donald Trump v\u00e4ntas under helgen att \u00e5terg\u00e5 att attackera Iran, uppgav flera amerikanska medier under fredagen.\u00a0<\/p>\n<p>\u2013 Vi kommer att sl\u00e5 dem mycket h\u00e5rt. Och ni vet, till slut kommer de att s\u00e4ga: \u201dVi orkar inte mer\u201d, s\u00e4ger Trump, enligt CBS News.<\/p>\n<p>Nu uppger flera k\u00e4llor till CBS News att USA och <a href=\"https:\/\/www.expressen.se\/tagg\/location\/israel\/\" class=\"\" rel=\"nofollow noopener\" target=\"_blank\">Israel<\/a> planerar vad som kan bli en av krigets mest omfattande bombningskampanjer mot energianl\u00e4ggningar i Iran.\u00a0<\/p>\n<p>Attackerna v\u00e4ntas ske under helgen, d\u00e5 man helst vill avsluta offensiven innan b\u00f6rsen \u00f6ppnar p\u00e5 m\u00e5ndagen, enligt kanalen. Det skulle vara den f\u00f6rsta gemensamma attacken mot Iran sedan vapenvilan. Iran har inte attackerat Israel sedan vapenvilan.<\/p>\n<p>Informerades av Trump\u00a0<\/p>\n<p>Samtidigt f\u00f6rnekar israeliska tj\u00e4nstem\u00e4n att det planeras en operation. Delar av Trump-administrationen uppges vara kritiska till att \u00e5terg\u00e5 till ett fullskaligt krig.<\/p>\n<p>Israels premi\u00e4rminister Benjamin Netanyahu ska informerats av Trump om tre olika alternativ f\u00f6r kriget, under hans bes\u00f6k till Vita huset tidigare i veckan.\u00a0<\/p>\n<p>Energianl\u00e4ggningar som kraftverk och raffinaderier pekas ut som potentiella m\u00e5l, eftersom det skulle p\u00e5verka Irans f\u00f6rm\u00e5ga att uppr\u00e4tth\u00e5lla samh\u00e4llsfunktioner, enligt k\u00e4llor till CBS News. Det har \u00e4ven diskuterats att sl\u00e5 ut elf\u00f6rs\u00f6rjningen och rutter d\u00e4r Iran fraktar vapen, soldater och annan utrustning.<\/p>\n<p>Vill inte kommentera f\u00f6rhandlingar<\/p>\n<p>USA har tidigare i kriget attackerat broar, och Trump har hotat att bomba en bro eller en iransk kraftanl\u00e4ggning varje g\u00e5ng Iran attackerade fartyg i Hormuzsundet.<\/p>\n<p>Trump ville inte svara p\u00e5 fr\u00e5gan om han kunde t\u00e4nka sig att \u00e5terg\u00e5 till f\u00f6rhandlingar utan sade bara att USA ville \u201dvinna\u201d.<\/p>\n<p>\u2013 Som president Trump sade vid sitt regeringssammantr\u00e4de i dag kommer USA att segra, och Iran kommer inte att ha k\u00e4rnvapen under hans tid vid makten, s\u00e4ger Karoline Leavitt till kanalen.\u00a0<\/p>\n<p>Pentagon vill inte kommentera uppgifterna, men chefstalespersonen Sean Parnell uppger att det \u00e4r redo att verkst\u00e4lla Trumps direktiv \u201dinom ett \u00f6gonblick.<\/p>\n","protected":false},"excerpt":{"rendered":"Uppdaterad 1 aug 2026 kl 08.29Publicerad 1 aug 2026 kl 07.06 USA:s krig mot Iran v\u00e4ntas trappas upp.&hellip;\n","protected":false},"author":2,"featured_media":322073,"comment_status":"","ping_status":"","sticky":false,"template":"","format":"standard","meta":{"footnotes":"","_share_on_mastodon":"0"},"categories":[5],"tags":[1044,22,23,385,26,27,17,15581,21,1530,342,33870,24,25,28,29,15,16,18,34,31,33,32,30,19,20,51],"class_list":["post-322072","post","type-post","status-publish","format-standard","has-post-thumbnail","category-rubriker","tag-benjamin-netanyahu","tag-breaking-news","tag-breakingnews","tag-donald-trump","tag-featured-news","tag-featurednews","tag-headlines","tag-hormuzsundet","tag-huvudnyheter","tag-iran","tag-israel","tag-karoline-leavitt","tag-latest-news","tag-latestnews","tag-main-news","tag-mainnews","tag-news","tag-nyheter","tag-rubriker","tag-se","tag-svenska","tag-sverige","tag-sweden","tag-swedish","tag-top-stories","tag-topstories","tag-varlden"],"share_on_mastodon":{"url":"https:\/\/pubeurope.com\/@se\/117019092399088581","error":""},"_links":{"self":[{"href":"https:\/\/www.europesays.com\/se\/wp-json\/wp\/v2\/posts\/322072","targetHints":{"allow":["GET"]}}],"collection":[{"href":"https:\/\/www.europesays.com\/se\/wp-json\/wp\/v2\/posts"}],"about":[{"href":"https:\/\/www.europesays.com\/se\/wp-json\/wp\/v2\/types\/post"}],"author":[{"embeddable":true,"href":"https:\/\/www.europesays.com\/se\/wp-json\/wp\/v2\/users\/2"}],"replies":[{"embeddable":true,"href":"https:\/\/www.europesays.com\/se\/wp-json\/wp\/v2\/comments?post=322072"}],"version-history":[{"count":0,"href":"https:\/\/www.europesays.com\/se\/wp-json\/wp\/v2\/posts\/322072\/revisions"}],"wp:featuredmedia":[{"embeddable":true,"href":"https:\/\/www.europesays.com\/se\/wp-json\/wp\/v2\/media\/322073"}],"wp:attachment":[{"href":"https:\/\/www.europesays.com\/se\/wp-json\/wp\/v2\/media?parent=322072"}],"wp:term":[{"taxonomy":"category","embeddable":true,"href":"https:\/\/www.europesays.com\/se\/wp-json\/wp\/v2\/categories?post=322072"},{"taxonomy":"post_tag","embeddable":true,"href":"https:\/\/www.europesays.com\/se\/wp-json\/wp\/v2\/tags?post=322072"}],"curies":[{"name":"wp","href":"https:\/\/api.w.org\/{rel}","templated":true}]}}