{"id":322082,"date":"2026-08-01T07:44:17","date_gmt":"2026-08-01T07:44:17","guid":{"rendered":"https:\/\/www.europesays.com\/se\/322082\/"},"modified":"2026-08-01T07:44:17","modified_gmt":"2026-08-01T07:44:17","slug":"klassiskt-materialval-den-smidiga-elcykeln-ar-utrustad-med-en-mahle-navmotor","status":"publish","type":"post","link":"https:\/\/www.europesays.com\/se\/322082\/","title":{"rendered":"Klassiskt materialval: Den smidiga elcykeln \u00e4r utrustad med en Mahle-navmotor"},"content":{"rendered":"<p>\t\t<a href=\"https:\/\/www.notebookcheck.se\/fileadmin\/_processed_\/webp\/Notebooks\/News\/_nc5\/Genesis-Croix-De-Fer-60-q82-w2560-h.webp\" title=\"Croix De Fer 60 \u00e4r en ny e-gravelcykel\" data-caption=\"Croix De Fer 60 \u00e4r en ny e-gravelcykel [&lt;a class=&quot;dbg&quot; target=&quot;_blank&quot; href=&quot;fileadmin\/Notebooks\/News\/_nc5\/Genesis-Croix-De-Fer-60.jpg&quot;&gt;full resolution&lt;\/a&gt;]\" rel=\"nofollow noopener\" target=\"_blank\"><img decoding=\"async\" src=\"https:\/\/www.europesays.com\/se\/wp-content\/uploads\/2026\/08\/csm_Genesis-Croix-De-Fer-60_75e4a829f9.jpg\" loading=\"lazy\" width=\"240\" height=\"180\" alt=\"Croix De Fer 60 \u00e4r en ny e-gravelcykel\"\/><\/p>\n<p>\u24d8 Genesis<\/p>\n<p><\/a>Croix De Fer 60 \u00e4r en ny e-gravelcykel<\/p>\n<p>En ny, sportig elcykel kombinerar modern teknik med traditionella rammaterial. Croix De Fer 60 \u00e4r konstruerad f\u00f6r att prestera bra \u00e4ven utan motorst\u00f6d.<\/p>\n<p class=\"bodytext\">Som en e-gravelcykel \u00e4r <a href=\"https:\/\/www.genesisbikes.co.uk\/product\/genesis-croix-de-fer-60-vargn15210\/VARGN15210\/GN15210LG\" data-htmlarea-external=\"1\" rtekeep=\"1\" rel=\"nofollow noopener\" target=\"_blank\">Genesis Croix De Fer 60<\/a> konstruerad f\u00f6r att kunna cyklas utan att f\u00f6rlita sig p\u00e5 konstant motorst\u00f6d. I praktiken underl\u00e4ttar drivsystemet snabbare starter och g\u00f6r l\u00e5nga, branta stigningar l\u00e4ttare. Genesis har utrustat cykeln med en Mahle X20-navmotor som levererar upp till 65 Nm vridmoment. Det extra trampmotst\u00e5ndet som motorn medf\u00f6r b\u00f6r vara f\u00f6rsumbart \u2013 ett p\u00e5st\u00e5ende som vi i stort sett kan bekr\u00e4fta utifr\u00e5n v\u00e5r erfarenhet av Mahle X20-systemet. Trots navmotorkonfigurationen \u00e4r cykeln ganska l\u00e4tt att k\u00e4nna igen som en elcykel tack vare batteriet, som \u00e4r monterat i flaskh\u00e5llaren. Med 171 Wh ligger batterikapaciteten under genomsnittet, \u00e4ven f\u00f6r en el-landsv\u00e4gscykel.&#13;<\/p>\n<p class=\"bodytext\">Bakom sitt klassiska utseende d\u00f6ljer Genesis Croix De Fer 60 moderna komponenter. Medan framgaffeln \u00e4r tillverkad av kolfiber v\u00e4ljer Genesis st\u00e5l framf\u00f6r kolfiber eller aluminium till ramen \u2013 n\u00e4rmare best\u00e4mt Reynolds 725-r\u00f6r. Drop-styret erbjuder flera handpositioner, och drivlinan sk\u00f6ts av en 12-v\u00e4xlad Shimano GRX RX820-v\u00e4xelsats. Cykeln rullar p\u00e5 Maxxis Rambler-d\u00e4ck, som syftar till att balansera l\u00e5gt rullmotst\u00e5nd med p\u00e5litligt grepp i terr\u00e4ng och stabilitet i kurvor tack vare sin \u00f6ppna sidom\u00f6nsterdesign.&#13;<\/p>\n<p class=\"bodytext\">Elcykeln v\u00e4ger cirka 16 kilogram och saknar vardagliga tillbeh\u00f6r, vilket \u00e4r typiskt f\u00f6r landsv\u00e4gs- och gruscyklar. Den saknar bagageh\u00e5llare, st\u00e4nksk\u00e4rmar och inbyggda belysning, vilket inneb\u00e4r att valet av pedaler ocks\u00e5 \u00f6verl\u00e5ts till cyklisten. Genesis Croix De Fer 60 kostar 4 500 pund.<\/p>\n<p>\t<a href=\"\"><img decoding=\"async\" src=\"https:\/\/www.europesays.com\/se\/wp-content\/uploads\/2026\/08\/csm_Bild_6022534c22.jpg\" loading=\"lazy\" width=\"120\" height=\"120\" alt=\"Silvio Werner\"\/><\/a><a href=\"\"><img decoding=\"async\" src=\"https:\/\/www.europesays.com\/se\/wp-content\/uploads\/2026\/08\/1785570257_76_csm_ninh_duy_ee54bf9777.jpg\" loading=\"lazy\" width=\"120\" height=\"120\" alt=\"DeepL \/ Ninh Duy\"\/><\/a>Translator: <a href=\"\" class=\"j_name\">Ninh Ngoc Duy<\/a> &#8211; Editorial Assistant  &#8211; 814621 articles published on Notebookcheck since 2008<\/p>\n","protected":false},"excerpt":{"rendered":"\u24d8 Genesis Croix De Fer 60 \u00e4r en ny e-gravelcykel En ny, sportig elcykel kombinerar modern teknik med&hellip;\n","protected":false},"author":2,"featured_media":322083,"comment_status":"","ping_status":"","sticky":false,"template":"","format":"standard","meta":{"footnotes":"","_share_on_mastodon":"0"},"categories":[66],"tags":[7083,11231,28005,33874,7084,7085,80,78,79,34,31,33,32,30,81,84,83,82],"class_list":["post-322082","post","type-post","status-publish","format-standard","has-post-thumbnail","category-vetenskap-och-teknik","tag-barbar-dator","tag-cykel","tag-elcykel","tag-genesis-croix-de-fer-60","tag-laptop","tag-notebook","tag-science","tag-science-and-technology","tag-scienceandtechnology","tag-se","tag-svenska","tag-sverige","tag-sweden","tag-swedish","tag-technology","tag-teknik","tag-vetenskap","tag-vetenskapteknik"],"share_on_mastodon":{"url":"https:\/\/pubeurope.com\/@se\/117019139788079580","error":""},"_links":{"self":[{"href":"https:\/\/www.europesays.com\/se\/wp-json\/wp\/v2\/posts\/322082","targetHints":{"allow":["GET"]}}],"collection":[{"href":"https:\/\/www.europesays.com\/se\/wp-json\/wp\/v2\/posts"}],"about":[{"href":"https:\/\/www.europesays.com\/se\/wp-json\/wp\/v2\/types\/post"}],"author":[{"embeddable":true,"href":"https:\/\/www.europesays.com\/se\/wp-json\/wp\/v2\/users\/2"}],"replies":[{"embeddable":true,"href":"https:\/\/www.europesays.com\/se\/wp-json\/wp\/v2\/comments?post=322082"}],"version-history":[{"count":0,"href":"https:\/\/www.europesays.com\/se\/wp-json\/wp\/v2\/posts\/322082\/revisions"}],"wp:featuredmedia":[{"embeddable":true,"href":"https:\/\/www.europesays.com\/se\/wp-json\/wp\/v2\/media\/322083"}],"wp:attachment":[{"href":"https:\/\/www.europesays.com\/se\/wp-json\/wp\/v2\/media?parent=322082"}],"wp:term":[{"taxonomy":"category","embeddable":true,"href":"https:\/\/www.europesays.com\/se\/wp-json\/wp\/v2\/categories?post=322082"},{"taxonomy":"post_tag","embeddable":true,"href":"https:\/\/www.europesays.com\/se\/wp-json\/wp\/v2\/tags?post=322082"}],"curies":[{"name":"wp","href":"https:\/\/api.w.org\/{rel}","templated":true}]}}