{"id":322446,"date":"2026-08-01T14:59:12","date_gmt":"2026-08-01T14:59:12","guid":{"rendered":"https:\/\/www.europesays.com\/se\/322446\/"},"modified":"2026-08-01T14:59:12","modified_gmt":"2026-08-01T14:59:12","slug":"valter-nilssons-bakslag-skall-fran-myndigheterna-efter-inlagget","status":"publish","type":"post","link":"https:\/\/www.europesays.com\/se\/322446\/","title":{"rendered":"Valter Nilssons bakslag \u2013 sk\u00e4ll fr\u00e5n myndigheterna efter inl\u00e4gget"},"content":{"rendered":"<p>Publicerad 1 aug 2026 kl 16.43<\/p>\n<p>Valter Nilssons spelning p\u00e5 Bananpiren i G\u00f6teborg \u00e4r sluts\u00e5ld.<\/p>\n<p>I veckan gav han tips p\u00e5 hur de utan biljett \u00e4nd\u00e5 kan se konserten.<\/p>\n<p>Nu backar han.<\/p>\n<p><img   alt=\"\"\/><\/p>\n<p>Valter Nilsson upptr\u00e4dde p\u00e5 Alls\u00e5ng p\u00e5 Skansen tidigare i somras.<\/p>\n<p>Foto: Anna H\u00e5llams\/TT \/ TT NYHETSBYR\u00c5N<\/p>\n<p>\u00d6ppna bild i helsk\u00e4rm<\/p>\n<p>\u201dJag \u00e4r ledsen, men man fick tydligen inte skriva som jag gjorde i mitt f\u00f6rra inl\u00e4gg\u201d inleder han ett inl\u00e4gg p\u00e5 <a href=\"https:\/\/www.expressen.se\/tagg\/organization\/instagram\/\" class=\"\" rel=\"nofollow noopener\" target=\"_blank\">Instagram<\/a>.<\/p>\n<p>Hans spelning p\u00e5 Bananpiren i G\u00f6teborg den \u00e5ttonde augusti s\u00e5ldes slut p\u00e5 nolltid och artisten f\u00f6reslog d\u00e4rf\u00f6r alternativa platser f\u00f6r att ta del av evenemanget. Bland annat rekommenderades \u201di \u00e4lven mellan Frihamnspiren och Bananpiren\u201d, samt \u201dvid yttersta kanten av Frihamnspiren\u201d, som gratisst\u00e4llen, vilket <a href=\"https:\/\/www.gp.se\/kultur\/valter-nilsson-far-skall-av-myndigheter-forlat-mig.537699ce-4ec3-4209-b3db-cad943671f27\" rel=\"nofollow noopener\" target=\"_blank\">GP<\/a> f\u00f6rst rapporterade om.<\/p>\n<p>Han var dessutom extra pedagogisk och bifogade en karta.<\/p>\n<p><img loading=\"lazy\"   alt=\"\"\/><\/p>\n<p>Den pedagogiska kartan f\u00f6r att uppleva konserten gratis.<\/p>\n<p>Foto: Valter Nilsson\/Facebook<\/p>\n<p>\u00d6ppna bild i helsk\u00e4rm<\/p>\n<p>Men inl\u00e4gget v\u00e4ckte reaktioner, skriver g\u00f6teborgaren p\u00e5 Instagram.\u00a0<\/p>\n<p>\u201dRush Ent som arrangerar konserten har f\u00e5tt m\u00e5nga allvarliga och arga samtal fr\u00e5n myndigheter och fastighets\u00e4gare efter mitt inl\u00e4gg\u201d<\/p>\n<p>Han forts\u00e4tter:<\/p>\n<p>\u201dDet \u00e4r tydligen rasrisk p\u00e5 hela den andra sidan kajen plus att det \u00e4r f\u00f6rbjudet med fritidsb\u00e5tar osv i bass\u00e4ngen. S\u00e5 jag m\u00e5ste tyv\u00e4rr \u00e4ndra mig och s\u00e4ga ist\u00e4llet; har man inte biljett till spelningen; sn\u00e4lla kom inte till Bananpiren.\u201d<\/p>\n<p>\u201dTack och f\u00f6rl\u00e5t det mest opeppiga inl\u00e4gg n\u00e5gonsin.\u201d<\/p>\n","protected":false},"excerpt":{"rendered":"Publicerad 1 aug 2026 kl 16.43 Valter Nilssons spelning p\u00e5 Bananpiren i G\u00f6teborg \u00e4r sluts\u00e5ld. I veckan gav&hellip;\n","protected":false},"author":2,"featured_media":322447,"comment_status":"","ping_status":"","sticky":false,"template":"","format":"standard","meta":{"footnotes":"","_share_on_mastodon":"0"},"categories":[67],"tags":[104,1083,2623,1591,172,34,31,33,32,30,105],"class_list":["post-322446","post","type-post","status-publish","format-standard","has-post-thumbnail","category-underhallning","tag-entertainment","tag-goteborg","tag-instagram","tag-konsert","tag-musik","tag-se","tag-svenska","tag-sverige","tag-sweden","tag-swedish","tag-underhallning"],"share_on_mastodon":{"url":"https:\/\/pubeurope.com\/@se\/117020849941699003","error":""},"_links":{"self":[{"href":"https:\/\/www.europesays.com\/se\/wp-json\/wp\/v2\/posts\/322446","targetHints":{"allow":["GET"]}}],"collection":[{"href":"https:\/\/www.europesays.com\/se\/wp-json\/wp\/v2\/posts"}],"about":[{"href":"https:\/\/www.europesays.com\/se\/wp-json\/wp\/v2\/types\/post"}],"author":[{"embeddable":true,"href":"https:\/\/www.europesays.com\/se\/wp-json\/wp\/v2\/users\/2"}],"replies":[{"embeddable":true,"href":"https:\/\/www.europesays.com\/se\/wp-json\/wp\/v2\/comments?post=322446"}],"version-history":[{"count":0,"href":"https:\/\/www.europesays.com\/se\/wp-json\/wp\/v2\/posts\/322446\/revisions"}],"wp:featuredmedia":[{"embeddable":true,"href":"https:\/\/www.europesays.com\/se\/wp-json\/wp\/v2\/media\/322447"}],"wp:attachment":[{"href":"https:\/\/www.europesays.com\/se\/wp-json\/wp\/v2\/media?parent=322446"}],"wp:term":[{"taxonomy":"category","embeddable":true,"href":"https:\/\/www.europesays.com\/se\/wp-json\/wp\/v2\/categories?post=322446"},{"taxonomy":"post_tag","embeddable":true,"href":"https:\/\/www.europesays.com\/se\/wp-json\/wp\/v2\/tags?post=322446"}],"curies":[{"name":"wp","href":"https:\/\/api.w.org\/{rel}","templated":true}]}}