{"id":322480,"date":"2026-08-01T15:44:11","date_gmt":"2026-08-01T15:44:11","guid":{"rendered":"https:\/\/www.europesays.com\/se\/322480\/"},"modified":"2026-08-01T15:44:11","modified_gmt":"2026-08-01T15:44:11","slug":"den-nya-elcykeln-pa-22-kg-har-en-dji-motor-pa-150-nm-en-toppeffekt-pa-1-500-w-och-ett-batteri-pa-700-wh","status":"publish","type":"post","link":"https:\/\/www.europesays.com\/se\/322480\/","title":{"rendered":"Den nya elcykeln p\u00e5 22 kg har en DJI-motor p\u00e5 150 Nm, en toppeffekt p\u00e5 1 500 W och ett batteri p\u00e5 700 Wh"},"content":{"rendered":"<p class=\"bodytext\">Efter den senaste tidens rapportering om de nya drivsystemen fr\u00e5n DJI Avinox b\u00f6rjar konkreta produktlanseringar med dessa extremt kraftfulla mittmonterade motorer dyka upp. Bland dem finns Tarok Ultra 2027 fr\u00e5n den tyska tillverkaren Raymon, utrustad med Avinox M2S-motorn.&#13;<\/p>\n<p class=\"bodytext\"> Motorn levererar ett vridmoment p\u00e5 upp till 150 Nm och en toppeffekt p\u00e5 1 500 W. I enlighet med tyska best\u00e4mmelser \u00e4r den kontinuerliga m\u00e4rkeffekten begr\u00e4nsad till 250 W. Energin tillf\u00f6rs av ett inbyggt batteri p\u00e5 700 Wh som inte g\u00e5r att ta bort s\u00e5 l\u00e4tt. Trots sina avancerade specifikationer v\u00e4ger cykeln bara 48,5 lbs (22 kg), fr\u00e4mst tack vare ramen i kolfiber.&#13;<\/p>\n<p class=\"bodytext\"> N\u00e4r det g\u00e4ller fj\u00e4dring kombinerar Raymon en RockShox Lyrik Select+-gaffel (160 mm slagl\u00e4ngd) med en RockShox Super Deluxe-bakd\u00e4mpare (150 mm slagl\u00e4ngd). Drivlinan best\u00e5r av en 12-v\u00e4xlad SRAM-konfiguration, medan bromskraften levereras av Magura Gustav Elite hydrauliska skivbromsar med fyra kolvar och 203 mm bromsskivor fram och bak.&#13;<\/p>\n<p class=\"bodytext\"> Raymon Tarok Ultra har en s\u00e5 kallad \u201dmullet\u201d-hjulkombination \u2013 ett 29-tums framhjul f\u00f6r \u00f6verl\u00e4gsen terr\u00e4ngklarhet i kombination med ett 27,5-tums bakhjul f\u00f6r \u00f6kad smidighet. Elcykeln finns f\u00f6r n\u00e4rvarande i fyra ramstorlekar till ett pris av 7 999 euro. Som \u00e4r standard f\u00f6r mountainbikes i toppklass ing\u00e5r inte pedaler. Med tanke p\u00e5 Raymons inriktning \u00e4r tillg\u00e4ngligheten i praktiken begr\u00e4nsad till den europeiska marknaden.<\/p>\n","protected":false},"excerpt":{"rendered":"Efter den senaste tidens rapportering om de nya drivsystemen fr\u00e5n DJI Avinox b\u00f6rjar konkreta produktlanseringar med dessa extremt&hellip;\n","protected":false},"author":2,"featured_media":322481,"comment_status":"","ping_status":"","sticky":false,"template":"","format":"standard","meta":{"footnotes":"","_share_on_mastodon":"0"},"categories":[66],"tags":[33950,7083,11231,30936,28005,7084,3334,7085,33949,33948,80,78,79,34,31,33,32,30,81,84,83,82],"class_list":["post-322480","post","type-post","status-publish","format-standard","has-post-thumbnail","category-vetenskap-och-teknik","tag-avinox","tag-barbar-dator","tag-cykel","tag-e-mobilitet","tag-elcykel","tag-laptop","tag-mountainbike","tag-notebook","tag-raymon","tag-raymon-tarok-ultra-2027","tag-science","tag-science-and-technology","tag-scienceandtechnology","tag-se","tag-svenska","tag-sverige","tag-sweden","tag-swedish","tag-technology","tag-teknik","tag-vetenskap","tag-vetenskapteknik"],"share_on_mastodon":{"url":"","error":""},"_links":{"self":[{"href":"https:\/\/www.europesays.com\/se\/wp-json\/wp\/v2\/posts\/322480","targetHints":{"allow":["GET"]}}],"collection":[{"href":"https:\/\/www.europesays.com\/se\/wp-json\/wp\/v2\/posts"}],"about":[{"href":"https:\/\/www.europesays.com\/se\/wp-json\/wp\/v2\/types\/post"}],"author":[{"embeddable":true,"href":"https:\/\/www.europesays.com\/se\/wp-json\/wp\/v2\/users\/2"}],"replies":[{"embeddable":true,"href":"https:\/\/www.europesays.com\/se\/wp-json\/wp\/v2\/comments?post=322480"}],"version-history":[{"count":0,"href":"https:\/\/www.europesays.com\/se\/wp-json\/wp\/v2\/posts\/322480\/revisions"}],"wp:featuredmedia":[{"embeddable":true,"href":"https:\/\/www.europesays.com\/se\/wp-json\/wp\/v2\/media\/322481"}],"wp:attachment":[{"href":"https:\/\/www.europesays.com\/se\/wp-json\/wp\/v2\/media?parent=322480"}],"wp:term":[{"taxonomy":"category","embeddable":true,"href":"https:\/\/www.europesays.com\/se\/wp-json\/wp\/v2\/categories?post=322480"},{"taxonomy":"post_tag","embeddable":true,"href":"https:\/\/www.europesays.com\/se\/wp-json\/wp\/v2\/tags?post=322480"}],"curies":[{"name":"wp","href":"https:\/\/api.w.org\/{rel}","templated":true}]}}