{"id":32352,"date":"2025-09-17T09:59:10","date_gmt":"2025-09-17T09:59:10","guid":{"rendered":"https:\/\/www.europesays.com\/se\/32352\/"},"modified":"2025-09-17T09:59:10","modified_gmt":"2025-09-17T09:59:10","slug":"hyllningarna-efter-jattegenombrottet-sagolikt-hockeysverige-se","status":"publish","type":"post","link":"https:\/\/www.europesays.com\/se\/32352\/","title":{"rendered":"Hyllningarna efter j\u00e4ttegenombrottet: &#8221;Sagolikt&#8221; &#8211; hockeysverige.se"},"content":{"rendered":"<p><strong><a href=\"https:\/\/hockeysverige.se\/klubb\/lulea-hockey\/\" rel=\"nofollow noopener\" target=\"_blank\">Lule\u00e5<\/a> har f\u00e5tt en flygande offensiv start p\u00e5 s\u00e4songen. Mycket tack vare f\u00f6rstakedjan med Brian O\u2019Neill som center mellan Filip Eriksson och Isac Hedqvist. Trion har gjort sju m\u00e5l och totalt 16 po\u00e4ng p\u00e5 tv\u00e5 matcher \u2013 och Filip Eriksson toppar po\u00e4ngligan.<br \/>\u2013 Helt sagolikt. Man trodde inte han kunde bli \u00e4nnu b\u00e4ttre efter f\u00f6rs\u00e4songen, s\u00e4ger lagkaptenen Erik Gustafsson.<br \/>\u2013 Det d\u00e4r \u00e4r en riktig leading line, ber\u00f6mmer tr\u00e4nare \u201dBulan\u201d Berglund.<\/strong><\/p>\n<p><img loading=\"lazy\" decoding=\"async\" width=\"1024\" height=\"658\" src=\"https:\/\/www.europesays.com\/se\/wp-content\/uploads\/2025\/09\/FIlip-Eriksson-Erik-Gustafsson-1024x658.webp.webp\" alt=\"\" class=\"wp-image-304295\"  \/>FIlip Eriksson hyllas av Erik Gustafsson. <br \/><strong>Foto: <\/strong>Bildbyr\u00e5n.<\/p>\n<p>G\u00c4VLE (HOCKEYSVERIGE.SE)<\/p>\n<p>Tiden d\u00e5 man kunde anklaga Lule\u00e5 f\u00f6r att spela tr\u00e5khockey \u00e4r definitivt f\u00f6rbi. Nu virvlar offensiven fr\u00e5n \u201dBulan\u201d Berglunds lag. De har gjort tolv m\u00e5l de inledande tv\u00e5 matcherna och det \u00e4r framf\u00f6r allt en kedja som har dominerat totalt under s\u00e4songsupptakten: Den med <a href=\"https:\/\/hockeysverige.se\/spelare\/brian-oneill\/\" rel=\"nofollow noopener\" target=\"_blank\">Brian O\u2019Neill<\/a> som center bredvid 20-\u00e5ringarna <a href=\"https:\/\/hockeysverige.se\/spelare\/filip-eriksson\/\" rel=\"nofollow noopener\" target=\"_blank\">Filip Eriksson<\/a> och <a href=\"https:\/\/hockeysverige.se\/spelare\/isac-hedqvist\/\" rel=\"nofollow noopener\" target=\"_blank\">Isac Hedqvist<\/a>.<\/p>\n<p>I premi\u00e4ren mot <a href=\"https:\/\/hockeysverige.se\/klubb\/malmo-redhawks\/\" rel=\"nofollow noopener\" target=\"_blank\">Malm\u00f6<\/a> satte nyf\u00f6rv\u00e4rvet Filip Eriksson ett hattrick. I g\u00e5rdagens match mot <a href=\"https:\/\/hockeysverige.se\/klubb\/brynas-if\/\" rel=\"nofollow noopener\" target=\"_blank\">Bryn\u00e4s<\/a> var det Brian O\u2019Neills tur att h\u00e4nga tre kassar. I den matchen blev dessutom Isac Hedqvist ocks\u00e5 m\u00e5lskytt, och Filip Eriksson noterades f\u00f6r tre assistpo\u00e4ng. Eriksson toppar SHL:s po\u00e4ngliga med sju po\u00e4ng p\u00e5 tv\u00e5 matcher \u2013 vilket kan j\u00e4mf\u00f6ras med de sex po\u00e4ng han gjort p\u00e5 29 respektive 37 matcher under sina tv\u00e5 tidigare <a href=\"https:\/\/hockeysverige.se\/shl\/\" rel=\"nofollow noopener\" target=\"_blank\">SHL<\/a>-s\u00e4songer.<\/p>\n<p>Lagkaptenen <a href=\"https:\/\/hockeysverige.se\/spelare\/erik-gustafsson\/\" rel=\"nofollow noopener\" target=\"_blank\">Erik Gustafsson<\/a> \u00e4r dock inte helt f\u00f6rv\u00e5nad \u00f6ver nyf\u00f6rv\u00e4rvets succ\u00e9.<\/p>\n<p>\u2013 Det \u00e4r helt sagolikt. Man trodde inte han kunde bli \u00e4nnu b\u00e4ttre efter f\u00f6rs\u00e4songen, men han har fortsatt st\u00e4ppa upp och visat sig vara grym n\u00e4r det blir \u00e4nnu mer allvar. Det \u00e4r j\u00e4ttekul, s\u00e4ger han efter 7-5-segern mot Bryn\u00e4s.<br \/>\u2013 Jag spelade med honom p\u00e5 tr\u00e4ningen i b\u00f6rjan av s\u00e4songen och han \u00e4r j\u00e4tteenkel att spela med. Nu m\u00f6ter jag honom p\u00e5 tr\u00e4ningarna och han spelar med en enorm intensitet d\u00e5.<\/p>\n<p>\u201dDet h\u00e4r \u00e4r ingen fluke\u201d<\/p>\n<p>Gustafsson sl\u00e5r fast att Eriksson \u00e4r p\u00e5 riktigt.<\/p>\n<p>\u2013 Det h\u00e4r \u00e4r ingen fluke. Han \u00e4r \u201dthe real deal\u201d. Han kommer forts\u00e4tta utvecklas hela s\u00e4songen. Men det \u00e4r klart att det kommer komma dippar ocks\u00e5. Det kommer det g\u00f6ra f\u00f6r oss alla.<\/p>\n<p><strong>Hur bra koll hade du p\u00e5 honom innan han kom till Lule\u00e5?<\/strong><br \/>\u2013 Ganska bra koll \u00e4nd\u00e5. Jag m\u00f6tte honom i V\u00e4xj\u00f6 och tyckte han var grym d\u00e5. Sen f\u00f6ljde jag Djurg\u00e5rden hela slutspelet i v\u00e5ras och man s\u00e5g att han har det d\u00e4r hockeysinnet. Sen har han ett \u201dmjukt sitt\u201d och en sk\u00f6n stil. Han \u00e4r stark p\u00e5 pucken och avig. Han \u00e4r sv\u00e5r att m\u00f6ta.<\/p>\n<p><img loading=\"lazy\" decoding=\"async\" width=\"1024\" height=\"658\" src=\"https:\/\/www.europesays.com\/se\/wp-content\/uploads\/2025\/09\/Brian-ONeill-Erik-Gustafsson-1024x658.webp.webp\" alt=\"\" class=\"wp-image-304292\"  \/>Brian O\u2019Neill och Erik Gustafsson. <br \/><strong>Foto: <\/strong>Bildbyr\u00e5n.<\/p>\n<p>Filip Eriksson \u00e4r inte den f\u00f6rsta unga spelare i Lule\u00e5 som sl\u00e5r igenom n\u00e4r han spelar intill Brian O\u2019Neill. I v\u00e5rens slutspel h\u00e4nde samma sak f\u00f6r Isac Hedqvist. <\/p>\n<p>\u2013 Finns det superlativ s\u00e5 det r\u00e4cker? Han \u00e4r en grym ledare och en grym m\u00e4nniska. Att han \u00e4r en grym hockeyspelare \u2013 det ser ju alla. Men jag imponeras mest av hans ledaregenskaper och drivet han har p\u00e5 tr\u00e4ning till vardags. Han kommer in och driver gruppen och vill verkligen vinna. Det \u00e4r kul att ha honom i v\u00e5rt lag, s\u00e4ger Gustafsson om O\u2019Neill.<br \/>\u2013 Han \u00e4r det d\u00e4r proffset som \u00e4lskar hockey och han \u00e4r v\u00e4ldigt hockeysmart. Han ger trygghet till sina lagkamrater och kedjekamrater och \u00e4r noggrann. Alla beh\u00f6ver en s\u00e5dan spelare. Framf\u00f6r allt unga spelare.<\/p>\n<p><strong>Jag f\u00e5r k\u00e4nslan av att han \u00e4r centerversionen av dig? Du f\u00e5r ofta ocks\u00e5 spela med unga spelare, som ska sl\u00e5 igenom i SHL.<\/strong><br \/>\u2013 Det \u00e4r en j\u00e4vla komplimang till mig i s\u00e5 fall, s\u00e4ger Gustafsson med ett leende.<br \/>\u2013 Men absolut, den parallellen kan man v\u00e4l dra.<\/p>\n<p>Bulans hyllning: \u201dB\u00e4sta t\u00e4nkbara\u201d<\/p>\n<p>\u00c4ven \u201dBulan\u201d Berglund imponeras \u00f6ver f\u00f6rstakedjans framfart under s\u00e4songsupptakten.<\/p>\n<p>\u2013 De har b\u00f6rjat fantastiskt bra och har inlett p\u00e5 b\u00e4sta t\u00e4nkbara s\u00e4tt. Men de b\u00f6rjade bra redan p\u00e5 f\u00f6rs\u00e4songen. Det \u00e4r en riktigt bra leadling line som verkligen visat p\u00e5 sina kvalit\u00e9er, konstaterar Lule\u00e5tr\u00e4naren.<\/p>\n<p>I SHL:s po\u00e4ngligatopp hittar vi allts\u00e5 Filip Eriksson p\u00e5 sju po\u00e4ng, och p\u00e5 fj\u00e4rde plats finns Brian O\u2019Neill p\u00e5 sex. Tredjel\u00e4nken Isac Hedqvist har inlett med tre po\u00e4ng p\u00e5 tv\u00e5 matcher. I g\u00e5rdagens match mot Bryn\u00e4s gjorde trion tio (!) po\u00e4ng och i fokus hamnade f\u00f6rst\u00e5s Brian O\u2019Neills hattrick.<\/p>\n<p>\u2013 Jag var p\u00e5 r\u00e4tt plats vid r\u00e4tt tidpunkt. Lite som Filip (Eriksson) n\u00e4r han gjorde hattrick i f\u00f6rsta matchen. Det f\u00f6rsta m\u00e5let har jag tur att pucken studsar p\u00e5 n\u00e5gons huvud, tror jag. Andra m\u00e5let \u00e4r det Isac (Hedqvist) som sl\u00e5r en grym passning bakom m\u00e5l och sen p\u00e5 tredje m\u00e5let \u00e4r det Filip som tar r\u00e4tt beslut och skjuter p\u00e5 m\u00e5lvaktens skridsko och sen har jag lite tur med studsen igen, konstaterar den amerikanska stj\u00e4rncentern.<\/p>\n<p>Fullpo\u00e4ngaren Lule\u00e5 spelar igen imorgon. D\u00e5 v\u00e4ntar R\u00f6gle p\u00e5 hemmaplan.<\/p>\n","protected":false},"excerpt":{"rendered":"Lule\u00e5 har f\u00e5tt en flygande offensiv start p\u00e5 s\u00e4songen. Mycket tack vare f\u00f6rstakedjan med Brian O\u2019Neill som center&hellip;\n","protected":false},"author":2,"featured_media":32353,"comment_status":"","ping_status":"","sticky":false,"template":"","format":"standard","meta":{"footnotes":""},"categories":[5],"tags":[22,23,26,27,17,21,24,25,28,29,15,16,18,34,134,31,33,32,30,355,19,379,20],"class_list":{"0":"post-32352","1":"post","2":"type-post","3":"status-publish","4":"format-standard","5":"has-post-thumbnail","7":"category-rubriker","8":"tag-breaking-news","9":"tag-breakingnews","10":"tag-featured-news","11":"tag-featurednews","12":"tag-headlines","13":"tag-huvudnyheter","14":"tag-latest-news","15":"tag-latestnews","16":"tag-main-news","17":"tag-mainnews","18":"tag-news","19":"tag-nyheter","20":"tag-rubriker","21":"tag-se","22":"tag-shl","23":"tag-svenska","24":"tag-sverige","25":"tag-sweden","26":"tag-swedish","27":"tag-talang","28":"tag-top-stories","29":"tag-top-article","30":"tag-topstories"},"share_on_mastodon":{"url":"","error":""},"_links":{"self":[{"href":"https:\/\/www.europesays.com\/se\/wp-json\/wp\/v2\/posts\/32352","targetHints":{"allow":["GET"]}}],"collection":[{"href":"https:\/\/www.europesays.com\/se\/wp-json\/wp\/v2\/posts"}],"about":[{"href":"https:\/\/www.europesays.com\/se\/wp-json\/wp\/v2\/types\/post"}],"author":[{"embeddable":true,"href":"https:\/\/www.europesays.com\/se\/wp-json\/wp\/v2\/users\/2"}],"replies":[{"embeddable":true,"href":"https:\/\/www.europesays.com\/se\/wp-json\/wp\/v2\/comments?post=32352"}],"version-history":[{"count":0,"href":"https:\/\/www.europesays.com\/se\/wp-json\/wp\/v2\/posts\/32352\/revisions"}],"wp:featuredmedia":[{"embeddable":true,"href":"https:\/\/www.europesays.com\/se\/wp-json\/wp\/v2\/media\/32353"}],"wp:attachment":[{"href":"https:\/\/www.europesays.com\/se\/wp-json\/wp\/v2\/media?parent=32352"}],"wp:term":[{"taxonomy":"category","embeddable":true,"href":"https:\/\/www.europesays.com\/se\/wp-json\/wp\/v2\/categories?post=32352"},{"taxonomy":"post_tag","embeddable":true,"href":"https:\/\/www.europesays.com\/se\/wp-json\/wp\/v2\/tags?post=32352"}],"curies":[{"name":"wp","href":"https:\/\/api.w.org\/{rel}","templated":true}]}}