{"id":323628,"date":"2026-08-02T20:16:31","date_gmt":"2026-08-02T20:16:31","guid":{"rendered":"https:\/\/www.europesays.com\/se\/323628\/"},"modified":"2026-08-02T20:16:31","modified_gmt":"2026-08-02T20:16:31","slug":"sam-larssons-strafforvirring-i-ifk-goteborg","status":"publish","type":"post","link":"https:\/\/www.europesays.com\/se\/323628\/","title":{"rendered":"Sam Larssons straff\u00f6rvirring i IFK G\u00f6teborg"},"content":{"rendered":"<p>  <a class=\"_link_1wc6r_108\" href=\"https:\/\/aftonbladet.se\/av\/robin-salomonsson\" title=\"Robin Salomonsson\" rel=\"nofollow noopener\" target=\"_blank\"><img alt=\"Bild av Robin Salomonsson\" class=\"_image_1wc6r_85\" fetchpriority=\"low\" decoding=\"async\" itemprop=\"image\" loading=\"lazy\"  src=\"https:\/\/www.europesays.com\/se\/wp-content\/uploads\/2026\/08\/1785701787_746_1ae7edc9-d571-4ac8-a20c-53d9304211a9.png\"  width=\"480\"\/><\/a> Publicerad 18:52 <img class=\"_image_1a8ez_62 layout-component layout-wide\" data-fullscreen- data-track-element-type=\"Article image fullscreen\" data-track-name=\"ImageFullscreen\" fetchpriority=\"high\" decoding=\"sync\" loading=\"eager\" height=\"57\" itemprop=\"image\"  src=\"https:\/\/www.europesays.com\/se\/wp-content\/uploads\/2026\/08\/1785701789_702_2f42dfc567090300b6c2b4d02e0d7e5d.jpg\"  style=\"object-position:50% 50%;aspect-ratio:1.7777777777777777;height:auto;object-fit:cover;width:100%\" width=\"102\"\/>  <\/p>\n<p class=\"_textTheme_16ipd_1 _lead_16k26_2 _lead_3ue4t_18 layout-component layout-normal layout-padded _lead_o6m9k_5 _leadTheme_cypwp_1 body-large bold\">G\u00d6TEBORG. Domaren hade bl\u00e5st f\u00f6r straff. <\/p>\n<p class=\"_textTheme_16ipd_1 _lead_16k26_2 _lead_3ue4t_18 layout-component layout-normal layout-padded _lead_o6m9k_5 _leadTheme_cypwp_1 body-large bold\">Sam Larsson klev fram och satte bollen i n\u00e4t.<\/p>\n<p class=\"_textTheme_16ipd_1 _lead_16k26_2 _lead_3ue4t_18 layout-component layout-normal layout-padded _lead_o6m9k_5 _leadTheme_cypwp_1 body-large bold\">Trodde han. <\/p>\n<p class=\"_textTheme_16ipd_1 _lead_16k26_2 _lead_3ue4t_18 layout-component layout-normal layout-padded _lead_o6m9k_5 _leadTheme_cypwp_1 body-large bold\">\u2013 Helt \u00e4rligt, jag vet inte vad som h\u00e4nde, s\u00e4ger Larsson. <\/p>\n<p class=\"_textTheme_16ipd_1 _paragraph_16k26_4 _paragraph_3ue4t_27 layout-component layout-normal layout-padded body-medium\">Under en turbulent vecka \u2013 d\u00e4r tr\u00e4naren Stefan Billborn sparkades i m\u00e5ndags \u2013 har mycket trots allt handlat om straffar i IFK G\u00f6teborg.<\/p>\n<p class=\"_textTheme_16ipd_1 _paragraph_16k26_4 _paragraph_3ue4t_27 layout-component layout-normal layout-padded body-medium\">F\u00f6rst efter att Bl\u00e5vitt br\u00e4nde tv\u00e5 straffar i Conference League-kvalet mot Levadia i torsdags. Mot Degerfors var det dags igen. <\/p>\n<p class=\"_textTheme_16ipd_1 _paragraph_16k26_4 _paragraph_3ue4t_27 layout-component layout-normal layout-padded body-medium\">Den h\u00e4r g\u00e5ngen f\u00f6r att Felix Eriksson filmade till sig straffen i den f\u00f6rsta halvleken. <\/p>\n<p class=\"_textTheme_16ipd_1 _paragraph_16k26_4 _paragraph_3ue4t_27 layout-component layout-normal layout-padded body-medium\">Fram klev Sam Larsson, som missade en av straffarna i Tallinn. Mittf\u00e4ltaren var s\u00e4kerheten sj\u00e4lv n\u00e4r han dunkade dit straffen.  <\/p>\n<p> <img alt=\"Larsson slog straffen utan att ha f\u00e5tt klartecken fr\u00e5n domaren.\" class=\"_image_1jxax_84 layout-component layout-normal\" data-fullscreen- data-track-element-type=\"Article image fullscreen\" data-track-name=\"ImageFullscreen\" decoding=\"async\" loading=\"lazy\" height=\"720\" itemprop=\"image\"  src=\"https:\/\/www.europesays.com\/se\/wp-content\/uploads\/2026\/08\/e4f332fb-93c9-36af-8ba8-5ab366cbe7be.jpeg\"  style=\"object-position:0% 0%\" width=\"1280\"\/>Larsson slog straffen utan att ha f\u00e5tt klartecken fr\u00e5n domaren. Foto: TV4 PlayVisa mer <br \/><img alt=\"Det gjorde honom f\u00f6rv\u00e5nad.\" class=\"_image_1jxax_84 layout-component layout-normal\" data-fullscreen- data-track-element-type=\"Article image fullscreen\" data-track-name=\"ImageFullscreen\" decoding=\"async\" loading=\"lazy\" height=\"720\" itemprop=\"image\"  src=\"https:\/\/www.europesays.com\/se\/wp-content\/uploads\/2026\/08\/ec3c5f91-a110-3a8f-9292-dbaf6dec2bb5.jpeg\"  style=\"object-position:0% 0%\" width=\"1280\"\/>Det gjorde honom f\u00f6rv\u00e5nad. Foto: TV4 PlayVisa mer \u201dBlev konstigt\u201d <\/p>\n<p class=\"_textTheme_16ipd_1 _paragraph_16k26_4 _paragraph_3ue4t_27 layout-component layout-normal layout-padded body-medium\">Men straffen ogiltigf\u00f6rklarades och Larsson tvingades ta om. <\/p>\n<p class=\"_textTheme_16ipd_1 _paragraph_16k26_4 _paragraph_3ue4t_27 layout-component layout-normal layout-padded body-medium\">\u2013 Det blev konstigt i dag. Jag uppfattade verkligen att domaren bl\u00e5ste. Men jag tror att han bl\u00e5ste f\u00f6r n\u00e5gonting annat. Att n\u00e5gon spelare stod f\u00f6r h\u00f6gt upp eller n\u00e5got. I mitt huvud \u00e4r det dags att skjuta n\u00e4r man bl\u00e5ser, s\u00e4ger spelaren efter\u00e5t.<\/p>\n<p class=\"_textTheme_16ipd_1 _paragraph_16k26_4 _paragraph_3ue4t_27 layout-component layout-normal layout-padded body-medium\">Trots detta \u2013 och straffmissen senast \u2013 var den efterf\u00f6ljande straffen lika s\u00e4ker. <\/p>\n<p class=\"_textTheme_16ipd_1 _paragraph_16k26_4 _paragraph_3ue4t_27 layout-component layout-normal layout-padded body-medium\">\u2013 Straffar \u00e4r vad det \u00e4r. Det \u00e4r mest nerver men d\u00e5 k\u00e4nde jag att jag s\u00e4tter n\u00e4sta, s\u00e4ger Larsson. <\/p>\n<p> <img alt=\"Larsson var stens\u00e4ker i sitt andra f\u00f6rs\u00f6k.\" class=\"_image_1jxax_84 layout-component layout-normal\" data-fullscreen- data-track-element-type=\"Article image fullscreen\" data-track-name=\"ImageFullscreen\" decoding=\"async\" loading=\"lazy\" height=\"720\" itemprop=\"image\"  src=\"https:\/\/www.europesays.com\/se\/wp-content\/uploads\/2026\/08\/4b089fc6-4287-3484-9d30-4909dfa98af9.jpeg\"  style=\"object-position:0% 0%\" width=\"1280\"\/>Larsson var stens\u00e4ker i sitt andra f\u00f6rs\u00f6k. Foto: TV4 PlayVisa mer \u201dMin egen st\u00f6rsta kritiker\u201d <\/p>\n<p class=\"_textTheme_16ipd_1 _paragraph_16k26_4 _paragraph_3ue4t_27 layout-component layout-normal layout-padded body-medium\">S\u00e5 blev det. <\/p>\n<p class=\"_textTheme_16ipd_1 _paragraph_16k26_4 _paragraph_3ue4t_27 layout-component layout-normal layout-padded body-medium\">M\u00e5let gav IFK G\u00f6teborg ledningen i en match laget till slut vann med 2\u20130. Efter\u00e5t ber\u00e4ttar Sam Larsson att han gr\u00e4mt sig \u00f6ver den br\u00e4nda straffen i Tallinn \u2013 trots att Bl\u00e5vitt till slut gick vidare i Europakvalet.<\/p>\n<p class=\"_textTheme_16ipd_1 _paragraph_16k26_4 _paragraph_3ue4t_27 layout-component layout-normal layout-padded body-medium\">\u2013 Vi \u00e4r alla \u00f6verens om att s\u00e5 f\u00e5r det inte se ut att vi br\u00e4nner tv\u00e5 straffar samtidigt, s\u00e4ger han. <\/p>\n<p class=\"_textTheme_16ipd_1 _paragraph_16k26_4 _paragraph_3ue4t_27 layout-component layout-normal layout-padded body-medium\">\u2013 Jag t\u00e4nkte p\u00e5 den (straffmissen) v\u00e4ldigt l\u00e4nge. Jag \u00e4r min st\u00f6rsta kritiker s\u00e5 det \u00e4r klart att jag var besviken. <\/p>\n<p class=\"_textTheme_16ipd_1 _paragraph_16k26_4 _paragraph_3ue4t_27 layout-component layout-normal layout-padded body-medium\">Segern mot Degerfors innebar att IFK G\u00f6teborg plockar viktiga po\u00e4ng i bottenstriden. Bl\u00e5vitt har nu sex po\u00e4ng ner till Degerfors som \u00e4r p\u00e5 nedflyttningsplats.<\/p>\n","protected":false},"excerpt":{"rendered":"Publicerad 18:52 G\u00d6TEBORG. Domaren hade bl\u00e5st f\u00f6r straff. Sam Larsson klev fram och satte bollen i n\u00e4t. Trodde&hellip;\n","protected":false},"author":2,"featured_media":323629,"comment_status":"","ping_status":"","sticky":false,"template":"","format":"standard","meta":{"footnotes":"","_share_on_mastodon":"0"},"categories":[5],"tags":[458,22,23,1232,26,27,17,21,1102,24,25,28,29,15,16,18,29712,34,31,33,32,30,19,20],"class_list":["post-323628","post","type-post","status-publish","format-standard","has-post-thumbnail","category-rubriker","tag-allsvenskan-i-fotboll","tag-breaking-news","tag-breakingnews","tag-degerfors-if","tag-featured-news","tag-featurednews","tag-headlines","tag-huvudnyheter","tag-ifk-goteborg","tag-latest-news","tag-latestnews","tag-main-news","tag-mainnews","tag-news","tag-nyheter","tag-rubriker","tag-sam-larsson","tag-se","tag-svenska","tag-sverige","tag-sweden","tag-swedish","tag-top-stories","tag-topstories"],"share_on_mastodon":{"url":"https:\/\/pubeurope.com\/@se\/117027759374523981","error":""},"_links":{"self":[{"href":"https:\/\/www.europesays.com\/se\/wp-json\/wp\/v2\/posts\/323628","targetHints":{"allow":["GET"]}}],"collection":[{"href":"https:\/\/www.europesays.com\/se\/wp-json\/wp\/v2\/posts"}],"about":[{"href":"https:\/\/www.europesays.com\/se\/wp-json\/wp\/v2\/types\/post"}],"author":[{"embeddable":true,"href":"https:\/\/www.europesays.com\/se\/wp-json\/wp\/v2\/users\/2"}],"replies":[{"embeddable":true,"href":"https:\/\/www.europesays.com\/se\/wp-json\/wp\/v2\/comments?post=323628"}],"version-history":[{"count":0,"href":"https:\/\/www.europesays.com\/se\/wp-json\/wp\/v2\/posts\/323628\/revisions"}],"wp:featuredmedia":[{"embeddable":true,"href":"https:\/\/www.europesays.com\/se\/wp-json\/wp\/v2\/media\/323629"}],"wp:attachment":[{"href":"https:\/\/www.europesays.com\/se\/wp-json\/wp\/v2\/media?parent=323628"}],"wp:term":[{"taxonomy":"category","embeddable":true,"href":"https:\/\/www.europesays.com\/se\/wp-json\/wp\/v2\/categories?post=323628"},{"taxonomy":"post_tag","embeddable":true,"href":"https:\/\/www.europesays.com\/se\/wp-json\/wp\/v2\/tags?post=323628"}],"curies":[{"name":"wp","href":"https:\/\/api.w.org\/{rel}","templated":true}]}}