{"id":323690,"date":"2026-08-02T21:30:15","date_gmt":"2026-08-02T21:30:15","guid":{"rendered":"https:\/\/www.europesays.com\/se\/323690\/"},"modified":"2026-08-02T21:30:15","modified_gmt":"2026-08-02T21:30:15","slug":"premiarsucce-for-spider-man-brand-new-day","status":"publish","type":"post","link":"https:\/\/www.europesays.com\/se\/323690\/","title":{"rendered":"Premi\u00e4rsucc\u00e9 f\u00f6r Spider-Man: Brand New Day"},"content":{"rendered":"<p>   N\u00e4ra historiskt rekord<a class=\"_link_1wc6r_108\" href=\"https:\/\/aftonbladet.se\/av\/maja-thiel\" title=\"Maja Thiel\" rel=\"nofollow noopener\" target=\"_blank\"><img alt=\"Bild av Maja Thiel\" class=\"_image_1wc6r_85\" fetchpriority=\"low\" decoding=\"async\" itemprop=\"image\" loading=\"lazy\"  src=\"https:\/\/www.europesays.com\/se\/wp-content\/uploads\/2026\/08\/1785706214_443_7ea89ae0-4b28-4c16-ace7-ca4fa683b1da.jpeg\"  width=\"480\"\/><\/a> Publicerad 23:08<img alt=\"Scen ur nya filmen.\" class=\"_image_1jxax_84 layout-component layout-wide\" data-fullscreen- data-track-element-type=\"Article image fullscreen\" data-track-name=\"ImageFullscreen\" fetchpriority=\"high\" decoding=\"sync\" loading=\"eager\" height=\"2089\" itemprop=\"image\"  src=\"https:\/\/www.europesays.com\/se\/wp-content\/uploads\/2026\/08\/a8b25144-215b-394e-ac87-61dc404d42e2.jpeg\"  style=\"object-position:0% 0%\" width=\"4000\"\/>Scen ur nya filmen.  Foto: \/AP\/TT \/ APVisa mer<\/p>\n<p class=\"_textTheme_16ipd_1 _lead_16k26_2 _lead_3ue4t_18 layout-component layout-normal layout-padded _lead_o6m9k_5 _leadTheme_cypwp_1 body-large bold\">Premi\u00e4rhelgen blev en succ\u00e9 f\u00f6r \u201dSpider-Man: Brand New Day\u201d.<\/p>\n<p class=\"_textTheme_16ipd_1 _lead_16k26_2 _lead_3ue4t_18 layout-component layout-normal layout-padded _lead_o6m9k_5 _leadTheme_cypwp_1 body-large bold\">V\u00e4rlden \u00f6ver har uppf\u00f6ljaren dragit in den n\u00e4st st\u00f6rsta int\u00e4kten i historien.<\/p>\n<p class=\"_textTheme_16ipd_1 _lead_16k26_2 _lead_3ue4t_18 layout-component layout-normal layout-padded _lead_o6m9k_5 _leadTheme_cypwp_1 body-large bold\">Dessutom har trycket varit s\u00e5 stort att vissa biografer har k\u00f6rt filmen var femtonde minut.<\/p>\n<p class=\"_textTheme_16ipd_1 _paragraph_16k26_4 _paragraph_3ue4t_27 layout-component layout-normal layout-padded body-medium\">Sony och Marvels nya film spr\u00e4nger kassarekorden. Under premi\u00e4rhelgen har den dragit in 355 miljoner dollar bara i Nordamerika och 927 miljoner v\u00e4rlden \u00f6ver, rapporterar <a href=\"https:\/\/variety.com\/2026\/film\/box-office\/spider-man-brand-new-day-box-office-opening-weekend-1236825953\/\" class=\"_link_16k26_32\" rel=\"nofollow noopener\" target=\"_blank\">Variety<\/a>.<\/p>\n<p class=\"_textTheme_16ipd_1 _paragraph_16k26_4 _paragraph_3ue4t_27 layout-component layout-normal layout-padded body-medium\">Enligt tidningen har ingen annan film \u00e4n \u201dAvengers: Endgame\u201d varit i n\u00e4rheten av de niv\u00e5erna. Den filmen b\u00e4r dock fortfarande rekordet med en nordamerikansk totalint\u00e4kt p\u00e5 357 miljoner dollar.<\/p>\n<p> <img alt=\"Huvudrollsinnehavarna Tom Holland och Zendaya.\" class=\"_image_1jxax_84 layout-component layout-normal\" data-fullscreen- data-track-element-type=\"Article image fullscreen\" data-track-name=\"ImageFullscreen\" decoding=\"async\" loading=\"lazy\" height=\"1189\" itemprop=\"image\"  src=\"https:\/\/www.europesays.com\/se\/wp-content\/uploads\/2026\/08\/03d82447-cb32-3d54-9163-ee3a44420b22.jpeg\"  style=\"object-position:0% 0%\" width=\"2198\"\/>Huvudrollsinnehavarna Tom Holland och Zendaya. Foto: Alberto Pezzali  \/AP\/TT \/ APVisa mer Marvel: \u201d\u00c4r tacksamma\u201d <\/p>\n<p class=\"_textTheme_16ipd_1 _paragraph_16k26_4 _paragraph_3ue4t_27 layout-component layout-normal layout-padded body-medium\">\u201dBrand New Day\u201d hyllas av b\u00e5de publik och kritiker, ligger p\u00e5 90 procent p\u00e5 sajten Rotten Tomatoes och har f\u00e5tt betyget A p\u00e5 CinemaScore.<\/p>\n<p class=\"_textTheme_16ipd_1 _paragraph_16k26_4 _paragraph_3ue4t_27 layout-component layout-normal layout-padded body-medium\">\u2013 Detta \u00e4r en helt fenomenal \u00f6ppning och vi \u00e4r tacksamma mot publiken \u00f6verallt, s\u00e4ger Marvel-chefen\u00a0<strong class=\"_strong_16k26_20\">Kevin Feige<\/strong>\u00a0till Variety.<\/p>\n<p class=\"_textTheme_16ipd_1 _paragraph_16k26_4 _paragraph_3ue4t_27 layout-component layout-normal layout-padded body-medium\">Filmen marknadsf\u00f6rs som en nystart f\u00f6r\u00a0<strong class=\"_strong_16k26_20\">Tom Holland<\/strong>\u00a0som Spider-Man, efter cliffhangern i \u201dNo Way Home\u201d d\u00e4r hans medkarakt\u00e4rer har gl\u00f6mt bort vem han \u00e4r.<\/p>\n","protected":false},"excerpt":{"rendered":"N\u00e4ra historiskt rekord Publicerad 23:08Scen ur nya filmen. Foto: \/AP\/TT \/ APVisa mer Premi\u00e4rhelgen blev en succ\u00e9 f\u00f6r&hellip;\n","protected":false},"author":2,"featured_media":323691,"comment_status":"","ping_status":"","sticky":false,"template":"","format":"standard","meta":{"footnotes":"","_share_on_mastodon":"0"},"categories":[67],"tags":[28329,104,903,34,3864,31,33,32,30,3863,105],"class_list":["post-323690","post","type-post","status-publish","format-standard","has-post-thumbnail","category-underhallning","tag-biografer","tag-entertainment","tag-film","tag-se","tag-spiderman","tag-svenska","tag-sverige","tag-sweden","tag-swedish","tag-tom-holland-skadespelare","tag-underhallning"],"share_on_mastodon":{"url":"https:\/\/pubeurope.com\/@se\/117028050332836854","error":""},"_links":{"self":[{"href":"https:\/\/www.europesays.com\/se\/wp-json\/wp\/v2\/posts\/323690","targetHints":{"allow":["GET"]}}],"collection":[{"href":"https:\/\/www.europesays.com\/se\/wp-json\/wp\/v2\/posts"}],"about":[{"href":"https:\/\/www.europesays.com\/se\/wp-json\/wp\/v2\/types\/post"}],"author":[{"embeddable":true,"href":"https:\/\/www.europesays.com\/se\/wp-json\/wp\/v2\/users\/2"}],"replies":[{"embeddable":true,"href":"https:\/\/www.europesays.com\/se\/wp-json\/wp\/v2\/comments?post=323690"}],"version-history":[{"count":0,"href":"https:\/\/www.europesays.com\/se\/wp-json\/wp\/v2\/posts\/323690\/revisions"}],"wp:featuredmedia":[{"embeddable":true,"href":"https:\/\/www.europesays.com\/se\/wp-json\/wp\/v2\/media\/323691"}],"wp:attachment":[{"href":"https:\/\/www.europesays.com\/se\/wp-json\/wp\/v2\/media?parent=323690"}],"wp:term":[{"taxonomy":"category","embeddable":true,"href":"https:\/\/www.europesays.com\/se\/wp-json\/wp\/v2\/categories?post=323690"},{"taxonomy":"post_tag","embeddable":true,"href":"https:\/\/www.europesays.com\/se\/wp-json\/wp\/v2\/tags?post=323690"}],"curies":[{"name":"wp","href":"https:\/\/api.w.org\/{rel}","templated":true}]}}