{"id":324102,"date":"2026-08-03T07:15:16","date_gmt":"2026-08-03T07:15:16","guid":{"rendered":"https:\/\/www.europesays.com\/se\/324102\/"},"modified":"2026-08-03T07:15:16","modified_gmt":"2026-08-03T07:15:16","slug":"rob-dieperinks-tysta-minut-stordes-av-askadare","status":"publish","type":"post","link":"https:\/\/www.europesays.com\/se\/324102\/","title":{"rendered":"Rob Dieperinks tysta minut st\u00f6rdes av \u00e5sk\u00e5dare"},"content":{"rendered":"<p>  <a class=\"_link_1wc6r_108\" href=\"https:\/\/aftonbladet.se\/av\/jonatan-pinheiro-diamant\" title=\"Jonatan Pinheiro Diamant\" rel=\"nofollow noopener\" target=\"_blank\"><img alt=\"Bild av Jonatan Pinheiro Diamant\" class=\"_image_1wc6r_85\" fetchpriority=\"low\" decoding=\"async\" itemprop=\"image\" loading=\"lazy\"  src=\"https:\/\/www.europesays.com\/se\/wp-content\/uploads\/2026\/08\/1785741315_279_c79d8f99-4dae-4b51-877e-56b004edc21b.png\"  width=\"480\"\/><\/a> Publicerad 08:36Uppdaterad 08:37<img alt=\"\u00c5sk\u00e5dare st\u00f6rde under den tysta minuten.\" class=\"_image_1jxax_84 layout-component layout-wide\" data-fullscreen- data-track-element-type=\"Article image fullscreen\" data-track-name=\"ImageFullscreen\" fetchpriority=\"high\" decoding=\"sync\" loading=\"eager\" height=\"742\" itemprop=\"image\"  src=\"https:\/\/www.europesays.com\/se\/wp-content\/uploads\/2026\/08\/b4294fef-ea4e-3912-9a0e-f8491a5962b9.png\"  style=\"object-position:0% 0%\" width=\"1417\"\/>\u00c5sk\u00e5dare st\u00f6rde under den tysta minuten.  Foto: ESPNVisa mer<\/p>\n<p class=\"_textTheme_16ipd_1 _lead_16k26_2 _lead_3ue4t_18 layout-component layout-normal layout-padded _lead_o6m9k_5 _leadTheme_cypwp_1 body-large bold\">Fotbollsdomaren Rob Dieperink hedrades med en tyst minut p\u00e5 s\u00f6ndagskv\u00e4llen.<\/p>\n<p class=\"_textTheme_16ipd_1 _lead_16k26_2 _lead_3ue4t_18 layout-component layout-normal layout-padded _lead_o6m9k_5 _leadTheme_cypwp_1 body-large bold\">Vissa delar av publiken ville inte delta.<\/p>\n<p class=\"_textTheme_16ipd_1 _paragraph_16k26_4 _paragraph_3ue4t_27 layout-component layout-normal layout-padded body-medium\">I juli <a href=\"https:\/\/www.aftonbladet.se\/sportbladet\/fotboll\/a\/Pd0w10\/em-domare-dod-blev-38-ar-gammal\" class=\"_link_16k26_32\" rel=\"nofollow noopener\" target=\"_blank\">dog den nederl\u00e4ndske fotbollsdomaren<\/a> Rob Diepernik. Han d\u00f6mde n\u00e4stan 300 professionella matcher och blev 38 \u00e5r gammal.<\/p>\n<p class=\"_textTheme_16ipd_1 _paragraph_16k26_4 _paragraph_3ue4t_27 layout-component layout-normal layout-padded body-medium\">Under s\u00f6ndagen h\u00f6lls en tyst minut f\u00f6r Diepernik inf\u00f6r den nederl\u00e4ndska supercupfinalen som spelades mellan PSV och AZ Alkmaar i Eindhoven.<\/p>\n<p class=\"_textTheme_16ipd_1 _paragraph_16k26_4 _paragraph_3ue4t_27 layout-component layout-normal layout-padded body-medium\">Den tysta minuten blev inte helt tyst.<\/p>\n<p> St\u00f6rde tystnaden <\/p>\n<p class=\"_textTheme_16ipd_1 _paragraph_16k26_4 _paragraph_3ue4t_27 layout-component layout-normal layout-padded body-medium\">I tv-s\u00e4ndningen m\u00e4rkes visserligen inga st\u00f6rre problem, men nederl\u00e4ndska medier uppger att delar av publiken st\u00f6rde den tysta minuten.<\/p>\n<p class=\"_textTheme_16ipd_1 _paragraph_16k26_4 _paragraph_3ue4t_27 layout-component layout-normal layout-padded body-medium\"><a href=\"https:\/\/www.voetbalzone.nl\/nieuws\/supporters-doen-iets-zeer-respectloos-tijdens-minuut-stilte-voor-rob-dieperink-voor-johan-cruijff-schaal-tussen-psv-en-az\/blt3e4708b4b91dd597\" class=\"_link_16k26_32\" rel=\"nofollow noopener\" target=\"_blank\">Voetbalzone<\/a> skriver att folk fr\u00e5n AZ Alkmaar-supportrarnas klacksektion br\u00f6t tystnaden genom att skrika. Detta ska ha f\u00e5tt PSV-supportrar att reagera med busvisslingar.<\/p>\n<p> <img alt=\"Rob Diepernik.\" class=\"_image_1jxax_84 layout-component layout-normal\" data-fullscreen- data-track-element-type=\"Article image fullscreen\" data-track-name=\"ImageFullscreen\" decoding=\"async\" loading=\"lazy\" height=\"2947\" itemprop=\"image\"  src=\"https:\/\/www.europesays.com\/se\/wp-content\/uploads\/2026\/08\/a877416f-b6ef-366b-bbcf-67ce71487d76.jpeg\"  style=\"object-position:0% 0%\" width=\"4420\"\/>Rob Diepernik. Foto: MISCHA KEEMINK \/ PROSHOTSVisa mer <\/p>\n<p class=\"_textTheme_16ipd_1 _paragraph_16k26_4 _paragraph_3ue4t_27 layout-component layout-normal layout-padded body-medium\">Den tidigare fotbollsdomaren Bas Nijhuis skrev om h\u00e4ndelsen p\u00e5 Instagram. Han vill inte ge uppm\u00e4rksamhet till personerna som gjorde ljud.<\/p>\n<p class=\"_textTheme_16ipd_1 _paragraph_16k26_4 _paragraph_3ue4t_27 layout-component layout-normal layout-padded body-medium\">\u201dVisa respekt f\u00f6r resten av stadion som deltog i den tysta minuten\u201d, skriver han.<\/p>\n<p> Plockades bort fr\u00e5n VM <\/p>\n<p class=\"_textTheme_16ipd_1 _paragraph_16k26_4 _paragraph_3ue4t_27 layout-component layout-normal layout-padded body-medium\">Rob Dieperink skulle ha jobbat som videodomare i sommarens VM. Men Fifa plockade bort honom fr\u00e5n m\u00e4sterskapet n\u00e4r han anklagades f\u00f6r sexuella \u00f6vergrepp mot en 17-\u00e5rig pojke i v\u00e5ras.<\/p>\n<p class=\"_textTheme_16ipd_1 _paragraph_16k26_4 _paragraph_3ue4t_27 layout-component layout-normal layout-padded body-medium\">Utredningen lades ner i brist p\u00e5 bevis.<\/p>\n","protected":false},"excerpt":{"rendered":"Publicerad 08:36Uppdaterad 08:37\u00c5sk\u00e5dare st\u00f6rde under den tysta minuten. Foto: ESPNVisa mer Fotbollsdomaren Rob Dieperink hedrades med en tyst&hellip;\n","protected":false},"author":2,"featured_media":324103,"comment_status":"","ping_status":"","sticky":false,"template":"","format":"standard","meta":{"footnotes":"","_share_on_mastodon":"0"},"categories":[68],"tags":[34331,138,10383,34,111,110,31,33,32,30],"class_list":["post-324102","post","type-post","status-publish","format-standard","has-post-thumbnail","category-sport","tag-az-alkmaar","tag-fotboll","tag-psv-eindhoven","tag-se","tag-sport","tag-sports","tag-svenska","tag-sverige","tag-sweden","tag-swedish"],"share_on_mastodon":{"url":"https:\/\/pubeurope.com\/@se\/117030350697149212","error":""},"_links":{"self":[{"href":"https:\/\/www.europesays.com\/se\/wp-json\/wp\/v2\/posts\/324102","targetHints":{"allow":["GET"]}}],"collection":[{"href":"https:\/\/www.europesays.com\/se\/wp-json\/wp\/v2\/posts"}],"about":[{"href":"https:\/\/www.europesays.com\/se\/wp-json\/wp\/v2\/types\/post"}],"author":[{"embeddable":true,"href":"https:\/\/www.europesays.com\/se\/wp-json\/wp\/v2\/users\/2"}],"replies":[{"embeddable":true,"href":"https:\/\/www.europesays.com\/se\/wp-json\/wp\/v2\/comments?post=324102"}],"version-history":[{"count":0,"href":"https:\/\/www.europesays.com\/se\/wp-json\/wp\/v2\/posts\/324102\/revisions"}],"wp:featuredmedia":[{"embeddable":true,"href":"https:\/\/www.europesays.com\/se\/wp-json\/wp\/v2\/media\/324103"}],"wp:attachment":[{"href":"https:\/\/www.europesays.com\/se\/wp-json\/wp\/v2\/media?parent=324102"}],"wp:term":[{"taxonomy":"category","embeddable":true,"href":"https:\/\/www.europesays.com\/se\/wp-json\/wp\/v2\/categories?post=324102"},{"taxonomy":"post_tag","embeddable":true,"href":"https:\/\/www.europesays.com\/se\/wp-json\/wp\/v2\/tags?post=324102"}],"curies":[{"name":"wp","href":"https:\/\/api.w.org\/{rel}","templated":true}]}}