{"id":32412,"date":"2025-09-17T11:11:08","date_gmt":"2025-09-17T11:11:08","guid":{"rendered":"https:\/\/www.europesays.com\/se\/32412\/"},"modified":"2025-09-17T11:11:08","modified_gmt":"2025-09-17T11:11:08","slug":"massanmalningar-fran-polisen-ar-pinsamt","status":"publish","type":"post","link":"https:\/\/www.europesays.com\/se\/32412\/","title":{"rendered":"Massanm\u00e4lningar fr\u00e5n polisen \u00e4r pinsamt"},"content":{"rendered":"<p>Sedan lagen om f\u00f6rol\u00e4mpning mot tj\u00e4nsteman tr\u00e4dde i kraft i juli har det regnat in anm\u00e4lningar fr\u00e5n fr\u00e4mst poliser. Det \u00e4r inte smickrande f\u00f6r det svenska r\u00e4ttsystemet, skriver SvD:s M\u00e5rten Schultz i en analys. <\/p>\n<p>Den 10 och 11 september kom hela sex domar om f\u00f6rol\u00e4mpning mot tj\u00e4nsteman. F\u00f6rol\u00e4mpning har g\u00e5tt fr\u00e5n att vara ett brott som bara lagf\u00f6rs i allvarligare fall till att bli ett av de mest prioriterade brotten, skriver Schultz. Att det sker samtidigt som m\u00e5nga svenskar upplever att st\u00f6lder och bedr\u00e4gerier inte lagf\u00f6rs \u00e4r en \u201dpinsamhet f\u00f6r svensk r\u00e4ttsordning\u201d, till\u00e4gger han.<\/p>\n<p>Aftonbladets Ois\u00edn Cantwell \u00e4r inte heller n\u00e5dig mot polism\u00e4nnen som anm\u00e4lt tillm\u00e4len som \u201dt\u00f6nt\u201d, \u201dhobbit\u201d och \u201dluffare\u201d. Cantwell kallar dem \u201dsn\u00f6flingor\u201d och hoppas att poliser slutar anm\u00e4la \u201dsm\u00e5skit\u201d.<\/p>\n<p>\u201dHittills har den\u202fnya best\u00e4mmelsen snarare dragit ett l\u00f6jes skimmer \u00f6ver Polismyndigheten \u00e4n hj\u00e4lpt den.\u201d<\/p>\n<p>Omni \u00e4r politiskt obundna och oberoende. Vi str\u00e4var efter att ge fler perspektiv p\u00e5 nyheterna. Har du fr\u00e5gor eller synpunkter kring v\u00e5r rapportering? <a href=\"https:\/\/omni.se\/analyser-massanmalningar-fran-polisen-ar-pinsamt\/a\/mailto:redaktion@omni.se\" class=\"ArticleActions_contactLink__W2F1M\" rel=\"nofollow noopener\" target=\"_blank\">Kontakta redaktionen<\/a><\/p>\n","protected":false},"excerpt":{"rendered":"Sedan lagen om f\u00f6rol\u00e4mpning mot tj\u00e4nsteman tr\u00e4dde i kraft i juli har det regnat in anm\u00e4lningar fr\u00e5n fr\u00e4mst&hellip;\n","protected":false},"author":2,"featured_media":32413,"comment_status":"","ping_status":"","sticky":false,"template":"","format":"standard","meta":{"footnotes":""},"categories":[5],"tags":[22,23,128,26,27,17,21,120,24,25,28,29,3556,15,16,3557,3440,18,34,31,33,32,30,19,20],"class_list":{"0":"post-32412","1":"post","2":"type-post","3":"status-publish","4":"format-standard","5":"has-post-thumbnail","7":"category-rubriker","8":"tag-breaking-news","9":"tag-breakingnews","10":"tag-brott","11":"tag-featured-news","12":"tag-featurednews","13":"tag-headlines","14":"tag-huvudnyheter","15":"tag-lag-ratt","16":"tag-latest-news","17":"tag-latestnews","18":"tag-main-news","19":"tag-mainnews","20":"tag-marten-schultz","21":"tag-news","22":"tag-nyheter","23":"tag-oisin-cantwell","24":"tag-polismyndigheten","25":"tag-rubriker","26":"tag-se","27":"tag-svenska","28":"tag-sverige","29":"tag-sweden","30":"tag-swedish","31":"tag-top-stories","32":"tag-topstories"},"share_on_mastodon":{"url":"","error":""},"_links":{"self":[{"href":"https:\/\/www.europesays.com\/se\/wp-json\/wp\/v2\/posts\/32412","targetHints":{"allow":["GET"]}}],"collection":[{"href":"https:\/\/www.europesays.com\/se\/wp-json\/wp\/v2\/posts"}],"about":[{"href":"https:\/\/www.europesays.com\/se\/wp-json\/wp\/v2\/types\/post"}],"author":[{"embeddable":true,"href":"https:\/\/www.europesays.com\/se\/wp-json\/wp\/v2\/users\/2"}],"replies":[{"embeddable":true,"href":"https:\/\/www.europesays.com\/se\/wp-json\/wp\/v2\/comments?post=32412"}],"version-history":[{"count":0,"href":"https:\/\/www.europesays.com\/se\/wp-json\/wp\/v2\/posts\/32412\/revisions"}],"wp:featuredmedia":[{"embeddable":true,"href":"https:\/\/www.europesays.com\/se\/wp-json\/wp\/v2\/media\/32413"}],"wp:attachment":[{"href":"https:\/\/www.europesays.com\/se\/wp-json\/wp\/v2\/media?parent=32412"}],"wp:term":[{"taxonomy":"category","embeddable":true,"href":"https:\/\/www.europesays.com\/se\/wp-json\/wp\/v2\/categories?post=32412"},{"taxonomy":"post_tag","embeddable":true,"href":"https:\/\/www.europesays.com\/se\/wp-json\/wp\/v2\/tags?post=32412"}],"curies":[{"name":"wp","href":"https:\/\/api.w.org\/{rel}","templated":true}]}}