{"id":325266,"date":"2026-08-04T02:51:10","date_gmt":"2026-08-04T02:51:10","guid":{"rendered":"https:\/\/www.europesays.com\/se\/325266\/"},"modified":"2026-08-04T02:51:10","modified_gmt":"2026-08-04T02:51:10","slug":"whatsapp-ar-for-narvarande-nere-for-tusentals-anvandare","status":"publish","type":"post","link":"https:\/\/www.europesays.com\/se\/325266\/","title":{"rendered":"WhatsApp \u00e4r f\u00f6r n\u00e4rvarande nere f\u00f6r tusentals anv\u00e4ndare"},"content":{"rendered":"<p class=\"bodytext\">Om du just nu har problem med att anv\u00e4nda WhatsApp \u00e4r du inte ensam. Tusentals anv\u00e4ndare rapporterar problem med meddelandetj\u00e4nsten, och det verkar som att problemet ligger hos WhatsApp snarare \u00e4n hos din enhet eller internetanslutning.&#13;<\/p>\n<p class=\"bodytext\">St\u00f6rningen b\u00f6rjade f\u00f6r ungef\u00e4r en timme sedan, n\u00e4r m\u00e5nga anv\u00e4ndare b\u00f6rjade <a href=\"https:\/\/x.com\/search?q=whatsapp&amp;src=typed_query&amp;f=live\" target=\"_blank\" rel=\"nofollow\" data-htmlarea-external=\"1\" rtekeep=\"1\">skriva p\u00e5 sociala medier<\/a> om problem med appen. Kort d\u00e4refter b\u00f6rjade rapporterna p\u00e5 Downdetector och Statusgator \u00f6ka snabbt, vilket tyder p\u00e5 att problemet drabbar ett stort antal anv\u00e4ndare och inte bara ett f\u00e5tal personer.&#13;<\/p>\n<p class=\"bodytext\">Enligt anv\u00e4ndarrapporter \u00e4r det st\u00f6rsta problemet just nu att skicka och ta emot bilder. M\u00e5nga anv\u00e4ndare uppger att bilder inte g\u00e5r att ladda upp eller ladda ner, medan andra rapporterar att de inte kan publicera n\u00e5got i sin WhatsApp-status. Vissa anv\u00e4ndare upplever ocks\u00e5 anslutningsrelaterade fel, vilket hindrar appen fr\u00e5n att fungera normalt.&#13;<\/p>\n<p class=\"bodytext\">I skrivande stund har WhatsApp inte officiellt bekr\u00e4ftat vad som orsakar problemet eller angett n\u00e5gon ber\u00e4knad tidpunkt f\u00f6r n\u00e4r det kommer att \u00e5tg\u00e4rdas. Tyv\u00e4rr finns det inte mycket anv\u00e4ndarna kan g\u00f6ra sj\u00e4lva. Eftersom problemet verkar ligga hos WhatsApps servrar \u00e4r det osannolikt att vanliga fels\u00f6knings\u00e5tg\u00e4rder hj\u00e4lper. F\u00f6r tillf\u00e4llet \u00e4r det b\u00e4sta alternativet att v\u00e4nta tills WhatsApp lanserar en officiell l\u00f6sning och tj\u00e4nsten \u00e5terg\u00e5r till det normala.\u00a0<\/p>\n","protected":false},"excerpt":{"rendered":"Om du just nu har problem med att anv\u00e4nda WhatsApp \u00e4r du inte ensam. Tusentals anv\u00e4ndare rapporterar problem&hellip;\n","protected":false},"author":2,"featured_media":325267,"comment_status":"","ping_status":"","sticky":false,"template":"","format":"standard","meta":{"footnotes":"","_share_on_mastodon":"0"},"categories":[66],"tags":[7083,7084,7085,80,78,79,34,31,33,32,30,81,84,83,82,8757,34559],"class_list":["post-325266","post","type-post","status-publish","format-standard","has-post-thumbnail","category-vetenskap-och-teknik","tag-barbar-dator","tag-laptop","tag-notebook","tag-science","tag-science-and-technology","tag-scienceandtechnology","tag-se","tag-svenska","tag-sverige","tag-sweden","tag-swedish","tag-technology","tag-teknik","tag-vetenskap","tag-vetenskapteknik","tag-whatsapp","tag-whatsapp-nere"],"share_on_mastodon":{"url":"https:\/\/pubeurope.com\/@se\/117034974064459765","error":""},"_links":{"self":[{"href":"https:\/\/www.europesays.com\/se\/wp-json\/wp\/v2\/posts\/325266","targetHints":{"allow":["GET"]}}],"collection":[{"href":"https:\/\/www.europesays.com\/se\/wp-json\/wp\/v2\/posts"}],"about":[{"href":"https:\/\/www.europesays.com\/se\/wp-json\/wp\/v2\/types\/post"}],"author":[{"embeddable":true,"href":"https:\/\/www.europesays.com\/se\/wp-json\/wp\/v2\/users\/2"}],"replies":[{"embeddable":true,"href":"https:\/\/www.europesays.com\/se\/wp-json\/wp\/v2\/comments?post=325266"}],"version-history":[{"count":0,"href":"https:\/\/www.europesays.com\/se\/wp-json\/wp\/v2\/posts\/325266\/revisions"}],"wp:featuredmedia":[{"embeddable":true,"href":"https:\/\/www.europesays.com\/se\/wp-json\/wp\/v2\/media\/325267"}],"wp:attachment":[{"href":"https:\/\/www.europesays.com\/se\/wp-json\/wp\/v2\/media?parent=325266"}],"wp:term":[{"taxonomy":"category","embeddable":true,"href":"https:\/\/www.europesays.com\/se\/wp-json\/wp\/v2\/categories?post=325266"},{"taxonomy":"post_tag","embeddable":true,"href":"https:\/\/www.europesays.com\/se\/wp-json\/wp\/v2\/tags?post=325266"}],"curies":[{"name":"wp","href":"https:\/\/api.w.org\/{rel}","templated":true}]}}