{"id":32527,"date":"2025-09-17T13:16:10","date_gmt":"2025-09-17T13:16:10","guid":{"rendered":"https:\/\/www.europesays.com\/se\/32527\/"},"modified":"2025-09-17T13:16:10","modified_gmt":"2025-09-17T13:16:10","slug":"21-aring-fran-stockholm-doms-kissade-och-startade-skogsbrand","status":"publish","type":"post","link":"https:\/\/www.europesays.com\/se\/32527\/","title":{"rendered":"21-\u00e5ring fr\u00e5n Stockholm d\u00f6ms \u2013 kissade och startade skogsbrand"},"content":{"rendered":"<p>Publicerad 17 sep 2025 kl 14.10Uppdaterad kl 14.27<\/p>\n<p>Toabes\u00f6ket slutade med en omfattande skogsbrand och ett \u00e5tal mot en ung kvinna fr\u00e5n Stockholm.<\/p>\n<p>Nu har kvinnan d\u00f6mts.<\/p>\n<p>Senaste nyhetsklippen fr\u00e5n Expressen.<img   alt=\"\"\/><\/p>\n<p>Kvinnan d\u00f6ms f\u00f6r att ha \u201dorsakat skada i terr\u00e4ngen\u201d. Bild fr\u00e5n annat tillf\u00e4lle.<\/p>\n<p>Foto: Calle Bredberg \/ Scandinav<\/p>\n<p>\u00d6ppna bild i helsk\u00e4rm<\/p>\n<p>En 21-\u00e5rig kvinna fr\u00e5n Stockholm var ute p\u00e5 en kanottur i sk\u00e4rg\u00e5rden norr om <a href=\"https:\/\/www.expressen.se\/tagg\/location\/vastervik\/\" class=\"\" rel=\"nofollow noopener\" target=\"_blank\">V\u00e4stervik<\/a> n\u00e4r hon och en v\u00e4n gick i land p\u00e5 en \u00f6.<\/p>\n<p>Just den dagen r\u00e5dde \u201dextremt h\u00f6g brandrisk\u201d, enligt r\u00e4ddningstj\u00e4nsten.<\/p>\n<p>Kvinnan kissade i skogen och t\u00e4nde eld p\u00e5 papperet. Snart brann det i terr\u00e4ngen och l\u00e5gorna spred sig \u2013 <a href=\"https:\/\/www.expressen.se\/nyheter\/sverige\/ung-kvinna-kissade-i-skogen-startade-skogsbrand-tankte-inte-efter\/\" rel=\"nofollow noopener\" target=\"_blank\">\u00f6ver en yta stor som en halv fotbollsplan<\/a>.<\/p>\n<p><a href=\"https:\/\/www.expressen.se\/nyheter\/sverige\/ung-kvinna-kissade-i-skogen-startade-skogsbrand-tankte-inte-efter\/\" rel=\"nofollow noopener\" target=\"_blank\">21-\u00e5ringen f\u00f6rklarade i f\u00f6rh\u00f6r<\/a> att hon var utbildad inom friluftsliv och handlade av vana, att hon \u201dinte t\u00e4nkte efter\u201d.<\/p>\n<p>Nu har kvinnan d\u00f6mts f\u00f6r allm\u00e4nfarlig v\u00e5rdsl\u00f6shet, ett brott som kan ge b\u00f6ter eller f\u00e4ngelse i upp till tv\u00e5 \u00e5r.<\/p>\n<p>Tingsr\u00e4ttens motivering<\/p>\n<p>I domen skriver Kalmar tingsr\u00e4tt att kvinnan \u201dgenom att umg\u00e5s ovarsamt med eld av oaktsamhet v\u00e5llat en brand\u201d och \u201dorsakat skada i terr\u00e4ngen och fara f\u00f6r att branden skulle sprida sig till en st\u00f6rre skogsbrand\u201d. Tingsr\u00e4tten konstaterar ocks\u00e5 att hon l\u00e4mnat platsen utan att se till att papperet var ordentligt sl\u00e4ckt.<\/p>\n<p>Kvinnan, som erk\u00e4nt, d\u00f6ms 40 50 dagsb\u00f6ter \u00e0 50 kronor \u2013 totalt 2 000 kronor.<\/p>\n","protected":false},"excerpt":{"rendered":"Publicerad 17 sep 2025 kl 14.10Uppdaterad kl 14.27 Toabes\u00f6ket slutade med en omfattande skogsbrand och ett \u00e5tal mot&hellip;\n","protected":false},"author":2,"featured_media":32528,"comment_status":"","ping_status":"","sticky":false,"template":"","format":"standard","meta":{"footnotes":""},"categories":[12],"tags":[22,23,26,27,17,21,24,25,2854,2855,28,29,15,16,18,34,154,31,33,32,30,19,527,136,20],"class_list":{"0":"post-32527","1":"post","2":"type-post","3":"status-publish","4":"format-standard","5":"has-post-thumbnail","7":"category-sverige","8":"tag-breaking-news","9":"tag-breakingnews","10":"tag-featured-news","11":"tag-featurednews","12":"tag-headlines","13":"tag-huvudnyheter","14":"tag-latest-news","15":"tag-latestnews","16":"tag-location-vastervik","17":"tag-location-vastervik-kommun","18":"tag-main-news","19":"tag-mainnews","20":"tag-news","21":"tag-nyheter","22":"tag-rubriker","23":"tag-se","24":"tag-sections-sverige","25":"tag-svenska","26":"tag-sverige","27":"tag-sweden","28":"tag-swedish","29":"tag-top-stories","30":"tag-topic-djur-natur","31":"tag-topic-rattegangar-domar","32":"tag-topstories"},"share_on_mastodon":{"url":"","error":""},"_links":{"self":[{"href":"https:\/\/www.europesays.com\/se\/wp-json\/wp\/v2\/posts\/32527","targetHints":{"allow":["GET"]}}],"collection":[{"href":"https:\/\/www.europesays.com\/se\/wp-json\/wp\/v2\/posts"}],"about":[{"href":"https:\/\/www.europesays.com\/se\/wp-json\/wp\/v2\/types\/post"}],"author":[{"embeddable":true,"href":"https:\/\/www.europesays.com\/se\/wp-json\/wp\/v2\/users\/2"}],"replies":[{"embeddable":true,"href":"https:\/\/www.europesays.com\/se\/wp-json\/wp\/v2\/comments?post=32527"}],"version-history":[{"count":0,"href":"https:\/\/www.europesays.com\/se\/wp-json\/wp\/v2\/posts\/32527\/revisions"}],"wp:featuredmedia":[{"embeddable":true,"href":"https:\/\/www.europesays.com\/se\/wp-json\/wp\/v2\/media\/32528"}],"wp:attachment":[{"href":"https:\/\/www.europesays.com\/se\/wp-json\/wp\/v2\/media?parent=32527"}],"wp:term":[{"taxonomy":"category","embeddable":true,"href":"https:\/\/www.europesays.com\/se\/wp-json\/wp\/v2\/categories?post=32527"},{"taxonomy":"post_tag","embeddable":true,"href":"https:\/\/www.europesays.com\/se\/wp-json\/wp\/v2\/tags?post=32527"}],"curies":[{"name":"wp","href":"https:\/\/api.w.org\/{rel}","templated":true}]}}