{"id":326382,"date":"2026-08-04T22:48:15","date_gmt":"2026-08-04T22:48:15","guid":{"rendered":"https:\/\/www.europesays.com\/se\/326382\/"},"modified":"2026-08-04T22:48:15","modified_gmt":"2026-08-04T22:48:15","slug":"bianca-ingrosso-jag-har-blivit-kar","status":"publish","type":"post","link":"https:\/\/www.europesays.com\/se\/326382\/","title":{"rendered":"Bianca Ingrosso: Jag har blivit k\u00e4r"},"content":{"rendered":"<p>  <a class=\"_link_1wc6r_108\" href=\"https:\/\/aftonbladet.se\/av\/nora-fernstedt\" title=\"Nora Fernstedt\" rel=\"nofollow noopener\" target=\"_blank\"><img alt=\"Bild av Nora Fernstedt\" class=\"_image_1wc6r_85\" fetchpriority=\"low\" decoding=\"async\" itemprop=\"image\" loading=\"lazy\"  src=\"https:\/\/www.europesays.com\/se\/wp-content\/uploads\/2026\/08\/1785883695_227_4898f780-21e5-4fc9-aaf6-8b2690fbf32e.png\"  width=\"480\"\/><\/a> <img alt=\"\" class=\"_image_1jxax_84 layout-component layout-wide\" data-fullscreen- data-track-element-type=\"Article image fullscreen\" data-track-name=\"ImageFullscreen\" fetchpriority=\"high\" decoding=\"sync\" loading=\"eager\" height=\"3150\" itemprop=\"image\"  src=\"https:\/\/www.europesays.com\/se\/wp-content\/uploads\/2026\/08\/45814f0a-7e36-38fe-93a1-d7fdd47ac18f.jpeg\"  style=\"object-position:45.81922099915326% 35.03174603174603%\" width=\"4724\"\/>  Foto: Carolina ByrmoVisa mer<\/p>\n<p class=\"_textTheme_16ipd_1 _lead_16k26_2 _lead_3ue4t_18 layout-component layout-normal layout-padded _lead_o6m9k_5 _leadTheme_cypwp_1 body-large bold\">Bianca Ingrosso har tidigare hintat om att k\u00e4rleken spirat i sommar.<\/p>\n<p class=\"_textTheme_16ipd_1 _lead_16k26_2 _lead_3ue4t_18 layout-component layout-normal layout-padded _lead_o6m9k_5 _leadTheme_cypwp_1 body-large bold\">Nu s\u00e4ger hon det rakt ut:<\/p>\n<p class=\"_textTheme_16ipd_1 _lead_16k26_2 _lead_3ue4t_18 layout-component layout-normal layout-padded _lead_o6m9k_5 _leadTheme_cypwp_1 body-large bold\">\u2013 Jag har blivit k\u00e4r.<\/p>\n<p class=\"_textTheme_16ipd_1 _paragraph_16k26_4 _paragraph_3ue4t_27 layout-component layout-normal layout-padded body-medium\"><strong class=\"_strong_16k26_20\">Bianca Ingrosso<\/strong>, 31, har nyss kommit hem fr\u00e5n en semester p\u00e5 Amalfikusten i Italien.<\/p>\n<p class=\"_textTheme_16ipd_1 _paragraph_16k26_4 _paragraph_3ue4t_27 layout-component layout-normal layout-padded body-medium\">P\u00e5 tisdagen hade hon invigning f\u00f6r den nya Caia-butiken i K\u00f6penham. <\/p>\n<p class=\"_textTheme_16ipd_1 _paragraph_16k26_4 _paragraph_3ue4t_27 layout-component layout-normal layout-padded body-medium\">I en video p\u00e5 Instagram fr\u00e5gar stylisten och frilansjournalisten Susan Stjernberger vad som har varit hennes favorit\u00f6gonblick eller b\u00e4sta minne fr\u00e5n sommaren.<\/p>\n<p class=\"_textTheme_16ipd_1 _paragraph_16k26_4 _paragraph_3ue4t_27 layout-component layout-normal layout-padded body-medium\">\u2013 Jag menar, jag har blivit k\u00e4r. Det tror jag \u00e4r ett \u201d\u00f6gonblick\u201d, s\u00e4ger Bianca med ett stort skratt.<\/p>\n<p class=\"_textTheme_16ipd_1 _paragraph_16k26_4 _paragraph_3ue4t_27 layout-component layout-normal layout-padded body-medium\">\u2013 Det h\u00e4r \u00e4r typ den b\u00e4sta sommaren i mitt liv hittills.<\/p>\n<p> \u201dMest romantiska semestern\u201d <\/p>\n<p class=\"_textTheme_16ipd_1 _paragraph_16k26_4 _paragraph_3ue4t_27 layout-component layout-normal layout-padded body-medium\">I sociala medier har Ingrosso hintat om att hon kan ha hittat k\u00e4rleken i sommar. <\/p>\n<p class=\"_textTheme_16ipd_1 _paragraph_16k26_4 _paragraph_3ue4t_27 layout-component layout-normal layout-padded body-medium\">Under resan delade hon kryptiska bilder fr\u00e5n semestern d\u00e4r man skymtat en kille vid hennes sida.<\/p>\n<p class=\"_textTheme_16ipd_1 _paragraph_16k26_4 _paragraph_3ue4t_27 layout-component layout-normal layout-padded body-medium\">\u201dJag \u00e4r p\u00e5 den b\u00e4sta och mest romantiska semestern jag n\u00e5nsin varit p\u00e5\u201d, skrev hon bland annat p\u00e5 Snapchat.<\/p>\n","protected":false},"excerpt":{"rendered":"Foto: Carolina ByrmoVisa mer Bianca Ingrosso har tidigare hintat om att k\u00e4rleken spirat i sommar. Nu s\u00e4ger hon&hellip;\n","protected":false},"author":2,"featured_media":326383,"comment_status":"","ping_status":"","sticky":false,"template":"","format":"standard","meta":{"footnotes":"","_share_on_mastodon":"0"},"categories":[67],"tags":[635,104,29944,34,4545,31,33,32,30,105],"class_list":["post-326382","post","type-post","status-publish","format-standard","has-post-thumbnail","category-underhallning","tag-bianca-ingrosso","tag-entertainment","tag-realitystjarna","tag-se","tag-snapchat","tag-svenska","tag-sverige","tag-sweden","tag-swedish","tag-underhallning"],"share_on_mastodon":{"url":"https:\/\/pubeurope.com\/@se\/117039681658088984","error":""},"_links":{"self":[{"href":"https:\/\/www.europesays.com\/se\/wp-json\/wp\/v2\/posts\/326382","targetHints":{"allow":["GET"]}}],"collection":[{"href":"https:\/\/www.europesays.com\/se\/wp-json\/wp\/v2\/posts"}],"about":[{"href":"https:\/\/www.europesays.com\/se\/wp-json\/wp\/v2\/types\/post"}],"author":[{"embeddable":true,"href":"https:\/\/www.europesays.com\/se\/wp-json\/wp\/v2\/users\/2"}],"replies":[{"embeddable":true,"href":"https:\/\/www.europesays.com\/se\/wp-json\/wp\/v2\/comments?post=326382"}],"version-history":[{"count":0,"href":"https:\/\/www.europesays.com\/se\/wp-json\/wp\/v2\/posts\/326382\/revisions"}],"wp:featuredmedia":[{"embeddable":true,"href":"https:\/\/www.europesays.com\/se\/wp-json\/wp\/v2\/media\/326383"}],"wp:attachment":[{"href":"https:\/\/www.europesays.com\/se\/wp-json\/wp\/v2\/media?parent=326382"}],"wp:term":[{"taxonomy":"category","embeddable":true,"href":"https:\/\/www.europesays.com\/se\/wp-json\/wp\/v2\/categories?post=326382"},{"taxonomy":"post_tag","embeddable":true,"href":"https:\/\/www.europesays.com\/se\/wp-json\/wp\/v2\/tags?post=326382"}],"curies":[{"name":"wp","href":"https:\/\/api.w.org\/{rel}","templated":true}]}}