{"id":32642,"date":"2025-09-17T15:20:12","date_gmt":"2025-09-17T15:20:12","guid":{"rendered":"https:\/\/www.europesays.com\/se\/32642\/"},"modified":"2025-09-17T15:20:12","modified_gmt":"2025-09-17T15:20:12","slug":"mastarnas-mastare-2026-alshammar-skadad-under-inspelningen","status":"publish","type":"post","link":"https:\/\/www.europesays.com\/se\/32642\/","title":{"rendered":"M\u00e4starnas m\u00e4stare 2026: Alshammar skadad under inspelningen"},"content":{"rendered":"<p>Publicerad 17 sep 2025 kl 06.30Uppdaterad kl 06.35<\/p>\n<p>Therese Alshammar fick en tuff start p\u00e5 inspelningen av \u201dM\u00e4starnas m\u00e4stare\u201d.\u00a0<\/p>\n<p>Den f\u00f6re detta simstj\u00e4rnan skadade sig och tvingades s\u00f6ka v\u00e5rd.\u00a0<\/p>\n<p>\u2013 Det gjorde j\u00e4kligt ont, s\u00e4ger Alshammar.\u00a0<\/p>\n<p><img loading=\"lazy\"   alt=\"\"\/><\/p>\n<p>Therese Alshammar och l\u00e4karen Thomas Waller.<\/p>\n<p>Foto: OLLE SPORRONG<\/p>\n<p>\u00d6ppna bild i helsk\u00e4rm<img loading=\"lazy\"   alt=\"\"\/><\/p>\n<p>Therese Alshammar och Danijela Rundqvist under inspelningen av \u201dM\u00e4starnas m\u00e4stare\u201d.<\/p>\n<p>Foto: OLLE SPORRONG<\/p>\n<p>\u00d6ppna bild i helsk\u00e4rm<\/p>\n<p>F\u00f6r fyra \u00e5r sedan slutade hon trea i \u201dM\u00e4starnas m\u00e4stare\u201d, nu \u00e4r 48-\u00e5riga <a href=\"https:\/\/www.expressen.se\/tagg\/person\/therese-alshammar\/\" class=\"\" rel=\"nofollow noopener\" target=\"_blank\">Therese Alshammar<\/a> tillbaka i programmet.\u00a0<\/p>\n<p>Men den f\u00f6re detta simstj\u00e4rnan fick en jobbig start p\u00e5 t\u00e4vlandet och skadade sig redan under en av de f\u00f6rsta t\u00e4vlingarna i Grekland.\u00a0<\/p>\n<p>\u2013 N\u00e4r det h\u00e4nde k\u00e4nde jag ingenting, det var f\u00f6rst i slutet av t\u00e4vlingen som jag m\u00e4rkte att n\u00e5got var fel. D\u00e5 trodde jag att det hade h\u00e4nt n\u00e5got i handleden eller armen. Men efter m\u00e5lg\u00e5ng ins\u00e5g jag att det var tummen.\u00a0<\/p>\n<p>Alshammar ber\u00e4ttar att hon f\u00f6rst inte ville s\u00f6ka hj\u00e4lp av l\u00e4karen p\u00e5 plats, men att hon sedan ins\u00e5g att sm\u00e4rtan var f\u00f6r sv\u00e5r.\u00a0<\/p>\n<p>\u2013 Det gjorde j\u00e4kligt ont och jag var r\u00e4dd f\u00f6r att den var bruten.\u00a0<\/p>\n<p>Unders\u00f6ktes p\u00e5 plats\u00a0<\/p>\n<p>Therese Alshammar unders\u00f6ktes av l\u00e4kare och naprapat p\u00e5 plats i Porto Heli, de kunde konstatera att tummen var rej\u00e4lt stukad och att ledbandet hade en bl\u00f6dning.\u00a0<\/p>\n<p><img loading=\"lazy\"   alt=\"\"\/><\/p>\n<p>Therese Alshammar skadade handen under inspelningen av \u201dM\u00e4starnas m\u00e4stare\u201d.<\/p>\n<p>Foto: OLLE SPORRONG<\/p>\n<p>\u00d6ppna bild i helsk\u00e4rm<img loading=\"lazy\"   alt=\"\"\/><\/p>\n<p>Therese Alshammar unders\u00f6ks av l\u00e4kare p\u00e5 plats under inspelningen av \u201dM\u00e4starnas m\u00e4stare\u201d.<\/p>\n<p>Foto: OLLE SPORRONG<\/p>\n<p>\u00d6ppna bild i helsk\u00e4rm<\/p>\n<p>\u2013 Jag kunde inte r\u00f6ra tummen \u00f6verhuvudtaget och klarade inte ens av att h\u00e5lla i tallriken n\u00e4r vi skulle \u00e4ta lunch.\u00a0<\/p>\n<p>Alshammar har bland annat f\u00e5tt laserbehandling f\u00f6r att kunna forts\u00e4tta t\u00e4vlandet i \u201dM\u00e4starnas m\u00e4stare\u201d.\u00a0<\/p>\n<p>\u2013 Jag f\u00e5r v\u00e4l vara glad att det \u00e4r v\u00e4nster hand som \u00e4r skadad, skulle jag hamna i nattduell \u00e4r jag ju trots allt h\u00f6gerh\u00e4nt.\u00a0<\/p>\n<p><img loading=\"lazy\"   alt=\"\"\/><\/p>\n<p>Therese Alshammar unders\u00f6ks av l\u00e4karen Thomas Waller under inspelningen av \u201dM\u00e4starnas m\u00e4stare\u201d.<\/p>\n<p>Foto: OLLE SPORRONG<\/p>\n<p>\u00d6ppna bild i helsk\u00e4rmNytt uppl\u00e4gg av \u201dM\u00e4starnas m\u00e4stare\u201d<\/p>\n<p>Den kommande s\u00e4songen av \u201dM\u00e4starnas m\u00e4stare\u201d har ett nytt uppl\u00e4gg \u00e4n tidigare \u00e5r, nu t\u00e4vlar deltagarna tv\u00e5 och tv\u00e5 i lag uppdelat i sporter.\u00a0<\/p>\n<p>Therese Alshammar ing\u00e5r i \u201dsimlaget\u201d tillsammans med Lars Fr\u00f6lander.\u00a0<\/p>\n<p>\u00d6vriga lag \u00e4r \u201dhockeylaget\u201d med Peter Forsberg och Danijela Rundqvist, \u201dskidlaget\u201d med duon Magdalena Forsberg och Anders S\u00f6dergren. I \u201dfriidrottslaget\u201d t\u00e4vlar Michel Torn\u00e9us och Emma Green och \u201dalpinlaget\u201d best\u00e5r av Anja P\u00e4rson och Andr\u00e9 Myhrer.\u00a0<\/p>\n<p>\u201dM\u00e4starnas m\u00e4stare\u201d spelas just nu in i Port Heli, 20 mil sydv\u00e4st om Aten. Programmet s\u00e4nds i SVT vintern 2026.<\/p>\n<p>Alla vinnare av &#8221;M\u00e4starnas m\u00e4stare&#8221;<\/p>\n<p>2025: Marcus Nilsson.<\/p>\n<p>2024: Anja P\u00e4rson.<\/p>\n<p>2023: Nils van der Poel.<\/p>\n<p>2022: Sofia Loft.<\/p>\n<p>2021: Andr\u00e9 Myhrer.<\/p>\n<p>2020: Michel Torn\u00e9us.<\/p>\n<p>2019: Anders S\u00f6dergren.<\/p>\n<p>2018: \u201dBollaget\u201d.<\/p>\n<p>2017: Martin Lidberg.<\/p>\n<p>2016: Peter Forsberg.<\/p>\n<p>2015: Danijela Rundqvist.<\/p>\n<p>2014: Thomas Ravelli.<\/p>\n<p>2013: Magdalena Forsberg.<\/p>\n<p>2012: J\u00f6rgen J\u00f6nsson.<\/p>\n<p>2011: Ingemar Stenmark.<\/p>\n<p>2010: Armand Krajnc.<\/p>\n<p>2009: Per Elofsson.<\/p>\n<p>Visa mer<img loading=\"lazy\"   alt=\"\"\/><\/p>\n<p>Expressens reporter Anna Friberg och fotograf Olle Sporrong p\u00e5 plats under inspelningarna i Grekland.<\/p>\n<p>Foto: OLLE SPORRONG<\/p>\n<p>\u00d6ppna bild i helsk\u00e4rm<\/p>\n","protected":false},"excerpt":{"rendered":"Publicerad 17 sep 2025 kl 06.30Uppdaterad kl 06.35 Therese Alshammar fick en tuff start p\u00e5 inspelningen av \u201dM\u00e4starnas&hellip;\n","protected":false},"author":2,"featured_media":32643,"comment_status":"","ping_status":"","sticky":false,"template":"","format":"standard","meta":{"footnotes":""},"categories":[68],"tags":[1735,361,3561,34,111,110,31,33,32,30],"class_list":{"0":"post-32642","1":"post","2":"type-post","3":"status-publish","4":"format-standard","5":"has-post-thumbnail","7":"category-sport","8":"tag-organization-mastarnas-mastare","9":"tag-organization-svt","10":"tag-person-therese-alshammar","11":"tag-se","12":"tag-sport","13":"tag-sports","14":"tag-svenska","15":"tag-sverige","16":"tag-sweden","17":"tag-swedish"},"share_on_mastodon":{"url":"","error":""},"_links":{"self":[{"href":"https:\/\/www.europesays.com\/se\/wp-json\/wp\/v2\/posts\/32642","targetHints":{"allow":["GET"]}}],"collection":[{"href":"https:\/\/www.europesays.com\/se\/wp-json\/wp\/v2\/posts"}],"about":[{"href":"https:\/\/www.europesays.com\/se\/wp-json\/wp\/v2\/types\/post"}],"author":[{"embeddable":true,"href":"https:\/\/www.europesays.com\/se\/wp-json\/wp\/v2\/users\/2"}],"replies":[{"embeddable":true,"href":"https:\/\/www.europesays.com\/se\/wp-json\/wp\/v2\/comments?post=32642"}],"version-history":[{"count":0,"href":"https:\/\/www.europesays.com\/se\/wp-json\/wp\/v2\/posts\/32642\/revisions"}],"wp:featuredmedia":[{"embeddable":true,"href":"https:\/\/www.europesays.com\/se\/wp-json\/wp\/v2\/media\/32643"}],"wp:attachment":[{"href":"https:\/\/www.europesays.com\/se\/wp-json\/wp\/v2\/media?parent=32642"}],"wp:term":[{"taxonomy":"category","embeddable":true,"href":"https:\/\/www.europesays.com\/se\/wp-json\/wp\/v2\/categories?post=32642"},{"taxonomy":"post_tag","embeddable":true,"href":"https:\/\/www.europesays.com\/se\/wp-json\/wp\/v2\/tags?post=32642"}],"curies":[{"name":"wp","href":"https:\/\/api.w.org\/{rel}","templated":true}]}}