{"id":32661,"date":"2025-09-17T15:43:31","date_gmt":"2025-09-17T15:43:31","guid":{"rendered":"https:\/\/www.europesays.com\/se\/32661\/"},"modified":"2025-09-17T15:43:31","modified_gmt":"2025-09-17T15:43:31","slug":"hemvarnet-ovade-pa-gronland-forsvarsmakten","status":"publish","type":"post","link":"https:\/\/www.europesays.com\/se\/32661\/","title":{"rendered":"Hemv\u00e4rnet \u00f6vade p\u00e5 Gr\u00f6nland &#8211; F\u00f6rsvarsmakten"},"content":{"rendered":"<p>Ok\u00e4nda sabot\u00f6rer planerar att spr\u00e4nga vattenkraftverket. Den lilla staden blir d\u00e5 v\u00e4rme- och str\u00f6ml\u00f6s. Ett k\u00e4nt \u00f6vningsscenario f\u00f6r Hemv\u00e4rnet \u2013 men den h\u00e4r g\u00e5ngen utspelade det sig i ok\u00e4nd terr\u00e4ng. Buksedalsfjordskraftverket ligger fem mil sydost om gr\u00f6nl\u00e4ndska huvudstaden Nuuk och st\u00e5r f\u00f6r all v\u00e4rme och elektricitet till den. Turbinerna ligger 600 meter in i berget, men kraftledningsstolparna \u00e4r s\u00e5rbara. D\u00e4rf\u00f6r skyddas och bevakas de av svenska och danska hemv\u00e4rnsoldater i \u00f6vningen.<\/p>\n<p>\u2013 Det finns alltid saker vi kan l\u00e4ra av varandra under en s\u00e5dan h\u00e4r \u00f6vning.<br \/>Uppdraget \u00e4r bekant men terr\u00e4ngen \u00e4r b\u00e5de ok\u00e4nd och utmanande, s\u00e4ger en av de svenska soldaterna n\u00e4r han l\u00e4mnat sin observationspost f\u00f6r att h\u00e4lsa p\u00e5 hemv\u00e4rnscheferna fr\u00e5n Norge, Danmark och Sverige vid ett bes\u00f6k.<\/p>\n<p>Nordiskt samarbete<\/p>\n<p>Syftet med Arctic Light \u00e4r att tr\u00e4na den gemensamma responsf\u00f6rm\u00e5gan p\u00e5 destabiliserande hot och \u00f6vningen leds av danska Arktisk Kommando. Sammanlagt 550 soldater deltar, de flesta danska men b\u00e5de Sverige och Norge har hemv\u00e4rnssoldater med.<\/p>\n<p>\u2013 Bevaka och skydda infrastruktur \u00e4r tv\u00e5 av Hemv\u00e4rnets huvuduppgifter, men ocks\u00e5 inslag av att st\u00f6ra en motst\u00e5ndare. Det \u00e4r precis det de femtontalet svenska hemv\u00e4rnssoldaterna \u00e4gnar sig \u00e5t, s\u00e4ger Laura Swaan Wrede.<\/p>\n<p>Begreppet kritisk infrastruktur har anv\u00e4nts allt mer de senaste \u00e5ren, inte bara i Sverige. Men p\u00e5 Gr\u00f6nland \u00e4r all infrastruktur kritisk: viktiga funktioner som kraftverk, oljedep\u00e5 och liknande finns det singularis av \u2013 sl\u00e5s de ut, blir det kallt och tr\u00e5kigt p\u00e5 v\u00e4rldens st\u00f6rsta \u00f6.<\/p>\n<p>En \u00f6 men egentligen 60-talet \u00f6ar<\/p>\n<p>Samtidigt kan man s\u00e4ga att Gr\u00f6nland best\u00e5r av ett 60-tal sm\u00e5 \u00f6ar \u2013 varje \u00f6 ett av de samh\u00e4llen d\u00e4r \u00f6ns sammanlagt knappt 60\u00a0000 inv\u00e5nare lever, samh\u00e4llen som bara \u00e4r tillg\u00e4ngliga till sj\u00f6ss eller fr\u00e5n luften, sommartid. Vintertid \u00e4r 75 procent av \u00f6ns kuster ist\u00e4ckta, varvid sj\u00f6v\u00e4gen om\u00f6jligg\u00f6rs. Avst\u00e5nden \u00e4r n\u00e4rmast obegripligt stora, begrepp som \u201dtv\u00e5 timmar med helikopter\u201d s\u00e4ger mer \u00e4n kilometer.<br \/>En kort helikopterf\u00e4rd bort ligger \u00f6ns enda oljedep\u00e5. Samma sak h\u00e4r, problem h\u00e4r och Gr\u00f6nland st\u00e5r stilla: inte s\u00e5 mycket n\u00e4r det g\u00e4ller bilar, utan snarare b\u00e5tar \u2013 att \u00e4ga en motorb\u00e5t \u00e4r en del av den gr\u00f6nl\u00e4ndska identiteten: i Nuuks sm\u00e5b\u00e5tshamn ligger \u00f6ver 1000 b\u00e5tar. Vid oljedep\u00e5n \u00e4r det ist\u00e4llet norska och svenska hemv\u00e4rnssoldater som skyddar och bevakar oljedep\u00e5n fr\u00e5n hot.<\/p>\n<p>\u2013 Trots att det bara \u00e4r september \u00e4r v\u00e4dret ganska utmanande, s\u00e4ger den norska gruppchefen och ber\u00e4ttar vidare att terr\u00e4ngen \u2013 kala bergsklippor \u2013 g\u00f6r det sv\u00e5rt att kamouflera sig mot fientliga spaningsdr\u00f6nare.<\/p>\n<p>Spr\u00e5ket? \u201dSkandinavisk\u201d<\/p>\n<p>Hemv\u00e4rnet har samarbetat med de \u00f6vriga hemv\u00e4rnen i Norden i snart 80 \u00e5r, i form av SKANDIA-samarbetet. F\u00f6rra \u00e5ret undertecknades ett samarbetsavtal, med fokus p\u00e5 att skapa b\u00e4ttre f\u00f6ruts\u00e4ttningar att genomf\u00f6ra operationer i l\u00e4ndernas gr\u00e4nsomr\u00e5den. \u00d6vningar som Arctic Light \u00e4r en del av detta och ger alla en \u00f6kad operativ f\u00f6rm\u00e5ga.<br \/>Att de svenska hemv\u00e4rnssoldaterna tas emot v\u00e4l av sina kollegor, kan Peter Forsberg, chef p\u00e5 plats intyga.<\/p>\n<p>\u2013 Vi upplever oss v\u00e4lkomna, uppskattade och emellan\u00e5t n\u00e4stan \u00f6verv\u00e4ldigade av positiv uppm\u00e4rksamhet, fr\u00e5n de andra nordiska l\u00e4ndernas deltagare, s\u00e4ger han.<br \/>Men s\u00e5 \u00e4r det fr\u00e5gan om spr\u00e5ket \u2013 f\u00f6r m\u00e5nga svenskar kan danska och norska vara lite knepigt att f\u00f6rst\u00e5, precis som de tycker svenska \u00e4r sv\u00e5rbegripligt.<\/p>\n<p>Men nej, det betyder inte att det pratas engelska p\u00e5 \u00f6vningen.<\/p>\n<p>\u2013 Str\u00e4van \u00e4r att kommunicera p\u00e5 \u201dskandinavisk\u201d och endast vid behov \u00f6verg\u00e5 till engelska, s\u00e4ger han.<\/p>\n<p>Rikshemv\u00e4rnschefen Laura Swaan Wrede h\u00e5ller med och betonar vikten av Hemv\u00e4rnets fortsatta internationalisering.<\/p>\n<p>\u2013 Vi \u00e4r alla Nato-allierade och som s\u00e5dana blir f\u00f6rm\u00e5gan att kunna l\u00e4mna v\u00e4rdlandst\u00f6d ett viktigt uppdrag f\u00f6r hemv\u00e4rnen. Det kr\u00e4ver gott samarbete \u00f6ver gr\u00e4nserna, s\u00e4ger Laura Swaan Wrede.<\/p>\n","protected":false},"excerpt":{"rendered":"Ok\u00e4nda sabot\u00f6rer planerar att spr\u00e4nga vattenkraftverket. Den lilla staden blir d\u00e5 v\u00e4rme- och str\u00f6ml\u00f6s. Ett k\u00e4nt \u00f6vningsscenario f\u00f6r&hellip;\n","protected":false},"author":2,"featured_media":32662,"comment_status":"","ping_status":"","sticky":false,"template":"","format":"standard","meta":{"footnotes":""},"categories":[5],"tags":[22,23,26,27,17,3105,21,24,25,28,29,15,3562,16,18,34,31,33,32,30,19,20],"class_list":{"0":"post-32661","1":"post","2":"type-post","3":"status-publish","4":"format-standard","5":"has-post-thumbnail","7":"category-rubriker","8":"tag-breaking-news","9":"tag-breakingnews","10":"tag-featured-news","11":"tag-featurednews","12":"tag-headlines","13":"tag-hemvarnet","14":"tag-huvudnyheter","15":"tag-latest-news","16":"tag-latestnews","17":"tag-main-news","18":"tag-mainnews","19":"tag-news","20":"tag-nordiskt-samarbete","21":"tag-nyheter","22":"tag-rubriker","23":"tag-se","24":"tag-svenska","25":"tag-sverige","26":"tag-sweden","27":"tag-swedish","28":"tag-top-stories","29":"tag-topstories"},"share_on_mastodon":{"url":"","error":""},"_links":{"self":[{"href":"https:\/\/www.europesays.com\/se\/wp-json\/wp\/v2\/posts\/32661","targetHints":{"allow":["GET"]}}],"collection":[{"href":"https:\/\/www.europesays.com\/se\/wp-json\/wp\/v2\/posts"}],"about":[{"href":"https:\/\/www.europesays.com\/se\/wp-json\/wp\/v2\/types\/post"}],"author":[{"embeddable":true,"href":"https:\/\/www.europesays.com\/se\/wp-json\/wp\/v2\/users\/2"}],"replies":[{"embeddable":true,"href":"https:\/\/www.europesays.com\/se\/wp-json\/wp\/v2\/comments?post=32661"}],"version-history":[{"count":0,"href":"https:\/\/www.europesays.com\/se\/wp-json\/wp\/v2\/posts\/32661\/revisions"}],"wp:featuredmedia":[{"embeddable":true,"href":"https:\/\/www.europesays.com\/se\/wp-json\/wp\/v2\/media\/32662"}],"wp:attachment":[{"href":"https:\/\/www.europesays.com\/se\/wp-json\/wp\/v2\/media?parent=32661"}],"wp:term":[{"taxonomy":"category","embeddable":true,"href":"https:\/\/www.europesays.com\/se\/wp-json\/wp\/v2\/categories?post=32661"},{"taxonomy":"post_tag","embeddable":true,"href":"https:\/\/www.europesays.com\/se\/wp-json\/wp\/v2\/tags?post=32661"}],"curies":[{"name":"wp","href":"https:\/\/api.w.org\/{rel}","templated":true}]}}