{"id":32717,"date":"2025-09-17T17:03:08","date_gmt":"2025-09-17T17:03:08","guid":{"rendered":"https:\/\/www.europesays.com\/se\/32717\/"},"modified":"2025-09-17T17:03:08","modified_gmt":"2025-09-17T17:03:08","slug":"usa-vid-ett-vagskal-efter-mordet-pa-kirk","status":"publish","type":"post","link":"https:\/\/www.europesays.com\/se\/32717\/","title":{"rendered":"USA vid ett v\u00e4gsk\u00e4l efter mordet p\u00e5 Kirk"},"content":{"rendered":"<p>USA befinner sig vid ett v\u00e4gsk\u00e4l efter mordet p\u00e5 h\u00f6gerdebatt\u00f6ren Charlie Kirk. Det s\u00e4ger tidigare presidenten Barack Obama, enligt AP.<\/p>\n<p>\u2013 Den centrala premissen f\u00f6r v\u00e5rt demokratiska system \u00e4r att vi inte alltid \u00e4r \u00f6verens och att vi ibland m\u00e5ste kunna ha v\u00e4ldigt hetsiga debatter utan att ta till v\u00e5ld.<\/p>\n<p>Obama menar att alla amerikaner b\u00f6r f\u00f6rd\u00f6ma d\u00e5det, men varnar ocks\u00e5 f\u00f6r att n\u00e4ra allierade till Donald Trump b\u00f6rjat kalla politiska motst\u00e5ndare f\u00f6r \u201dohyra eller fiender\u201d efter mordet. Han uppmanar presidenten att \u201dst\u00e4ndigt p\u00e5minna oss om det som h\u00e5ller oss samman\u201d under den r\u00e5dande krisen.<\/p>\n<p>Omni \u00e4r politiskt obundna och oberoende. Vi str\u00e4var efter att ge fler perspektiv p\u00e5 nyheterna. Har du fr\u00e5gor eller synpunkter kring v\u00e5r rapportering? <a href=\"https:\/\/omni.se\/obama-usa-vid-ett-vagskal-efter-mordet-pa-kirk\/a\/mailto:redaktion@omni.se\" class=\"ArticleActions_contactLink__W2F1M\" rel=\"nofollow noopener\" target=\"_blank\">Kontakta redaktionen<\/a><\/p>\n","protected":false},"excerpt":{"rendered":"USA befinner sig vid ett v\u00e4gsk\u00e4l efter mordet p\u00e5 h\u00f6gerdebatt\u00f6ren Charlie Kirk. Det s\u00e4ger tidigare presidenten Barack Obama,&hellip;\n","protected":false},"author":2,"featured_media":32718,"comment_status":"","ping_status":"","sticky":false,"template":"","format":"standard","meta":{"footnotes":""},"categories":[5],"tags":[387,3566,22,23,3302,385,26,27,17,21,24,25,28,29,15,268,16,18,34,31,33,32,30,19,20,386,74],"class_list":{"0":"post-32717","1":"post","2":"type-post","3":"status-publish","4":"format-standard","5":"has-post-thumbnail","7":"category-rubriker","8":"tag-amerikansk-politik","9":"tag-barack-obama","10":"tag-breaking-news","11":"tag-breakingnews","12":"tag-charlie-kirk","13":"tag-donald-trump","14":"tag-featured-news","15":"tag-featurednews","16":"tag-headlines","17":"tag-huvudnyheter","18":"tag-latest-news","19":"tag-latestnews","20":"tag-main-news","21":"tag-mainnews","22":"tag-news","23":"tag-nordamerika","24":"tag-nyheter","25":"tag-rubriker","26":"tag-se","27":"tag-svenska","28":"tag-sverige","29":"tag-sweden","30":"tag-swedish","31":"tag-top-stories","32":"tag-topstories","33":"tag-trumps-usa","34":"tag-usa"},"share_on_mastodon":{"url":"","error":""},"_links":{"self":[{"href":"https:\/\/www.europesays.com\/se\/wp-json\/wp\/v2\/posts\/32717","targetHints":{"allow":["GET"]}}],"collection":[{"href":"https:\/\/www.europesays.com\/se\/wp-json\/wp\/v2\/posts"}],"about":[{"href":"https:\/\/www.europesays.com\/se\/wp-json\/wp\/v2\/types\/post"}],"author":[{"embeddable":true,"href":"https:\/\/www.europesays.com\/se\/wp-json\/wp\/v2\/users\/2"}],"replies":[{"embeddable":true,"href":"https:\/\/www.europesays.com\/se\/wp-json\/wp\/v2\/comments?post=32717"}],"version-history":[{"count":0,"href":"https:\/\/www.europesays.com\/se\/wp-json\/wp\/v2\/posts\/32717\/revisions"}],"wp:featuredmedia":[{"embeddable":true,"href":"https:\/\/www.europesays.com\/se\/wp-json\/wp\/v2\/media\/32718"}],"wp:attachment":[{"href":"https:\/\/www.europesays.com\/se\/wp-json\/wp\/v2\/media?parent=32717"}],"wp:term":[{"taxonomy":"category","embeddable":true,"href":"https:\/\/www.europesays.com\/se\/wp-json\/wp\/v2\/categories?post=32717"},{"taxonomy":"post_tag","embeddable":true,"href":"https:\/\/www.europesays.com\/se\/wp-json\/wp\/v2\/tags?post=32717"}],"curies":[{"name":"wp","href":"https:\/\/api.w.org\/{rel}","templated":true}]}}