{"id":327959,"date":"2026-08-06T06:56:15","date_gmt":"2026-08-06T06:56:15","guid":{"rendered":"https:\/\/www.europesays.com\/se\/327959\/"},"modified":"2026-08-06T06:56:15","modified_gmt":"2026-08-06T06:56:15","slug":"vikarie-sparkades-efter-snapchat-inlagg-om-sina-brukare","status":"publish","type":"post","link":"https:\/\/www.europesays.com\/se\/327959\/","title":{"rendered":"Vikarie sparkades efter Snapchat-inl\u00e4gg om sina brukare"},"content":{"rendered":"<p>Publicerad 6 aug 2026 kl 08.03<\/p>\n<p>Sommarvikariatet tog ett abrupt slut efter ett chockerande avsl\u00f6jande<\/p>\n<p>\u2013 som gjorde att ansvariga agerade direkt.\u00a0<\/p>\n<p><img   alt=\"\"\/><\/p>\n<p>En sommarvikarie har f\u00e5tt sparken fr\u00e5n ett s\u00e4rskilt boende f\u00f6r \u00e4ldre i Dalsland efter ord p\u00e5 sociala medier.<\/p>\n<p>Foto: Oscar Olsson \/ TT NYHETSBYR\u00c5N<\/p>\n<p>\u00d6ppna bild i helsk\u00e4rm<\/p>\n<p>En h\u00e4ndelse p\u00e5 ett s\u00e4rskilt boende f\u00f6r \u00e4ldre i Dalsland har skakat om en hel arbetsgrupp, <a href=\"https:\/\/www.sverigesradio.se\/artikel\/sommarvikarie-fick-sparken-efter-ord-om-aldre\" rel=\"nofollow noopener\" target=\"_blank\">n\u00e5got P4 V\u00e4st ocks\u00e5<\/a> rapporterat om.\u00a0<\/p>\n<p>Det var i juli det h\u00e4r \u00e5ret som en sommarvikarie ska ha publicerat nedv\u00e4rderande, grova och avskyv\u00e4rda ord p\u00e5 <a href=\"https:\/\/www.expressen.se\/tagg\/organization\/snapchat\/\" class=\"\" rel=\"nofollow noopener\" target=\"_blank\">Snapchat<\/a> om sina brukare, enligt en lex Sarah-rapport.<\/p>\n<p>N\u00e4r ansvariga uppt\u00e4ckte inl\u00e4ggen tog de situationen p\u00e5 allvar och agerade snabbt. \u00a0<\/p>\n<p>Ingen polisanm\u00e4lan gjordes d\u00e5 bed\u00f6mningen var att vikarien aldrig br\u00f6t mot sekretessen och inga specifika personuppgifter om brukarna skrevs ut p\u00e5 Snapchat, enligt rapporten.\u00a0<\/p>\n<p>\u00c4rendet hanterades i st\u00e4llet arbetsr\u00e4ttsligt och vikariens anst\u00e4llning avslutades dagen efter uppt\u00e4ckten.<\/p>\n<p><img loading=\"lazy\"   alt=\"\"\/><\/p>\n<p>P\u00e5 Snapchat raderas inneh\u00e5ll efter 24 timmar.<\/p>\n<p>Foto: Shutterstock<\/p>\n<p>\u00d6ppna bild i helsk\u00e4rmRisk f\u00f6r spridning<\/p>\n<p>Arbetsgruppen p\u00e5 boendet m\u00e5r d\u00e5ligt efter h\u00e4ndelsen och enligt rapporten finns en risk f\u00f6r spridning till n\u00e4rst\u00e5ende och brukare.\u00a0<\/p>\n<p>Eftersom att inneh\u00e5llet publicerades p\u00e5 Snapchat, d\u00e4r inl\u00e4gg raderas efter 24 timmar, \u00e4r det sv\u00e5rt veta hur m\u00e5nga som har sett det. \u00a0<\/p>\n","protected":false},"excerpt":{"rendered":"Publicerad 6 aug 2026 kl 08.03 Sommarvikariatet tog ett abrupt slut efter ett chockerande avsl\u00f6jande \u2013 som gjorde&hellip;\n","protected":false},"author":2,"featured_media":327960,"comment_status":"","ping_status":"","sticky":false,"template":"","format":"standard","meta":{"footnotes":"","_share_on_mastodon":"0"},"categories":[12],"tags":[5673,22,23,26,27,17,21,24,25,28,29,15,16,18,34,4545,636,31,33,32,30,19,20],"class_list":["post-327959","post","type-post","status-publish","format-standard","has-post-thumbnail","category-sverige","tag-aldreomsorg","tag-breaking-news","tag-breakingnews","tag-featured-news","tag-featurednews","tag-headlines","tag-huvudnyheter","tag-latest-news","tag-latestnews","tag-main-news","tag-mainnews","tag-news","tag-nyheter","tag-rubriker","tag-se","tag-snapchat","tag-sociala-medier","tag-svenska","tag-sverige","tag-sweden","tag-swedish","tag-top-stories","tag-topstories"],"share_on_mastodon":{"url":"https:\/\/pubeurope.com\/@se\/117047262539450857","error":""},"_links":{"self":[{"href":"https:\/\/www.europesays.com\/se\/wp-json\/wp\/v2\/posts\/327959","targetHints":{"allow":["GET"]}}],"collection":[{"href":"https:\/\/www.europesays.com\/se\/wp-json\/wp\/v2\/posts"}],"about":[{"href":"https:\/\/www.europesays.com\/se\/wp-json\/wp\/v2\/types\/post"}],"author":[{"embeddable":true,"href":"https:\/\/www.europesays.com\/se\/wp-json\/wp\/v2\/users\/2"}],"replies":[{"embeddable":true,"href":"https:\/\/www.europesays.com\/se\/wp-json\/wp\/v2\/comments?post=327959"}],"version-history":[{"count":0,"href":"https:\/\/www.europesays.com\/se\/wp-json\/wp\/v2\/posts\/327959\/revisions"}],"wp:featuredmedia":[{"embeddable":true,"href":"https:\/\/www.europesays.com\/se\/wp-json\/wp\/v2\/media\/327960"}],"wp:attachment":[{"href":"https:\/\/www.europesays.com\/se\/wp-json\/wp\/v2\/media?parent=327959"}],"wp:term":[{"taxonomy":"category","embeddable":true,"href":"https:\/\/www.europesays.com\/se\/wp-json\/wp\/v2\/categories?post=327959"},{"taxonomy":"post_tag","embeddable":true,"href":"https:\/\/www.europesays.com\/se\/wp-json\/wp\/v2\/tags?post=327959"}],"curies":[{"name":"wp","href":"https:\/\/api.w.org\/{rel}","templated":true}]}}