{"id":32814,"date":"2025-09-17T19:13:09","date_gmt":"2025-09-17T19:13:09","guid":{"rendered":"https:\/\/www.europesays.com\/se\/32814\/"},"modified":"2025-09-17T19:13:09","modified_gmt":"2025-09-17T19:13:09","slug":"vaxjo-bryter-med-christoffer-tiderman-bjorksund","status":"publish","type":"post","link":"https:\/\/www.europesays.com\/se\/32814\/","title":{"rendered":"V\u00e4xj\u00f6 bryter med Christoffer Tiderman Bj\u00f6rksund"},"content":{"rendered":"<p>Publicerad 17 sep 2025 kl 19.01Uppdaterad kl 20.46<\/p>\n<p>Historisk SSL-debut p\u00e5 l\u00f6rdag.<\/p>\n<p>Med bara fyra dagar kvar meddelar nu V\u00e4xj\u00f6 att de bryter med tr\u00e4naren Christoffer Tiderman Bj\u00f6rksund.<\/p>\n<p>\u2013 Vi har under en tid upplevt att ledarskapet inte fungerat p\u00e5 det s\u00e4tt vi \u00f6nskar, s\u00e4ger ordf\u00f6randen Fredrik Sandberg.<\/p>\n<p><img   alt=\"\"\/> <\/p>\n<p>Foto: V\u00e4xj\u00f6 Vipers<\/p>\n<p>\u00d6ppna bild i helsk\u00e4rm<\/p>\n<p>Det har sm\u00e4llt p\u00e5 alla h\u00e5ll i <a href=\"https:\/\/www.expressen.se\/tagg\/organization\/ssl\/\" class=\"\" rel=\"nofollow noopener\" target=\"_blank\">SSL<\/a>-innebandyn den senaste m\u00e5naden.<\/p>\n<p>Christoffer Tiderman Bj\u00f6rksund blir den fj\u00e4rde tr\u00e4naren p\u00e5 damsidan som f\u00e5r g\u00e5 p\u00e5 kort tid.<\/p>\n<p>F\u00f6rst var det <a href=\"https:\/\/www.expressen.se\/sport\/innebandy\/daniel-jernberg-om-att-fa-sparken-kanns-ovardigt\/\" rel=\"nofollow noopener\" target=\"_blank\">m\u00e4startr\u00e4naren Daniel Jernberg som fick l\u00e4mna Thorengruppen.<\/a><\/p>\n<p>D\u00e4refter valde <a href=\"https:\/\/www.expressen.se\/sport\/innebandy\/pontus-kozan-lamnar-kalmarsund-hoppar-av-tranaruppdraget\/\" rel=\"nofollow noopener\" target=\"_blank\">Kalmarsunds nye tr\u00e4nare Pontus Kozan att hoppa av<\/a> n\u00e4r han skulle degraderas till assisterande.<\/p>\n<p>Sedan fick nykomlingen <a href=\"https:\/\/www.expressen.se\/sport\/innebandy\/noel-alm-johansson-far-sparken-av-storvreta\/\" rel=\"nofollow noopener\" target=\"_blank\">Storvretas tr\u00e4nare No\u00e9l Alm Johansson foten p\u00e5 grund av spelarmissn\u00f6je.<\/a><\/p>\n<p>V\u00e4xj\u00f6 bryter med Tiderman Bj\u00f6rksund<\/p>\n<p>Nu \u00e4r det allts\u00e5 dags igen.<\/p>\n<p>V\u00e4xj\u00f6 meddelar i ett pressmeddelande att det \u00e4r beslut som \u00e4r fattat i samf\u00f6rst\u00e5nd mellan f\u00f6reningen och Tiderman Bj\u00f6rksund.<\/p>\n<p>\u2013 Christoffer har gjort ett fantastiskt jobb med laget men vi har under en tid upplevt att ledarskapet inte fungerat p\u00e5 det s\u00e4tt vi \u00f6nskar, och vi har d\u00e4rf\u00f6r tillsammans valt att g\u00e5 skilda v\u00e4gar. Det \u00e4r givetvis inget l\u00e4tt beslut, men vi ser det som n\u00f6dv\u00e4ndigt f\u00f6r att skapa b\u00e4sta m\u00f6jliga f\u00f6ruts\u00e4ttningar f\u00f6r s\u00e4songen som v\u00e4ntar, s\u00e4ger V\u00e4xj\u00f6 Vipers ordf\u00f6rande Fredrik Sandberg.<\/p>\n<p>Matts Bergsten tar \u00f6ver tills vidare<\/p>\n<p>S\u00e5 sent som i slutet av juni skrev Christoffer Tiderman Bj\u00f6rksund p\u00e5 ett nytt kontrakt med V\u00e4xj\u00f6.<\/p>\n<p>Matts Bergsten \u2013 som sedan l\u00e4nge varit en del av ledarstaben \u2013 tar nu \u00f6ver som huvudtr\u00e4nare tills vidare.<\/p>\n<p>\u2013 Vi har stort f\u00f6rtroende f\u00f6r Matts och det ledarteam som finns runt laget. Det \u00e4r m\u00e5nga kompetenta personer som kommer g\u00f6ra allt f\u00f6r att ge spelarna trygghet och arbetsro. Samtidigt p\u00e5g\u00e5r nu ett arbete f\u00f6r att hitta en permanent l\u00f6sning, s\u00e4ger Fredrik Sandberg i pressmeddelandet.<\/p>\n<p>V\u00e4xj\u00f6 \u00e4r nykomling i SSL-innebandyn och g\u00f6r p\u00e5 l\u00f6rdag sin f\u00f6rsta match i h\u00f6gsta serien n\u00e4r Lund kommer p\u00e5 bes\u00f6k.<\/p>\n<p><strong>L\u00c4S MER: <\/strong><a href=\"https:\/\/www.expressen.se\/sport\/innebandy\/jonas-eliasson-det-uttalandet-som-jag-har-fatt-mest-skit-for\/\" class=\"\" rel=\"nofollow noopener\" target=\"_blank\">\u201dDet uttalandet som jag har f\u00e5tt mest skit f\u00f6r\u201d<\/a><strong>L\u00c4S MER: <\/strong><a href=\"https:\/\/www.expressen.se\/sport\/innebandy\/aiks-premiar-i-fara-pa-grund-av-tyngdlyftning\/\" class=\"\" rel=\"nofollow noopener\" target=\"_blank\">AIK:s premi\u00e4r i fara: \u201dBara garvat \u00e5t det\u201d<\/a><\/p>\n","protected":false},"excerpt":{"rendered":"Publicerad 17 sep 2025 kl 19.01Uppdaterad kl 20.46 Historisk SSL-debut p\u00e5 l\u00f6rdag. Med bara fyra dagar kvar meddelar&hellip;\n","protected":false},"author":2,"featured_media":32815,"comment_status":"","ping_status":"","sticky":false,"template":"","format":"standard","meta":{"footnotes":""},"categories":[68],"tags":[726,3571,34,725,111,110,31,33,32,30],"class_list":{"0":"post-32814","1":"post","2":"type-post","3":"status-publish","4":"format-standard","5":"has-post-thumbnail","7":"category-sport","8":"tag-organization-ssl","9":"tag-organization-vaxjo-ibk","10":"tag-se","11":"tag-sections-innebandy","12":"tag-sport","13":"tag-sports","14":"tag-svenska","15":"tag-sverige","16":"tag-sweden","17":"tag-swedish"},"share_on_mastodon":{"url":"","error":""},"_links":{"self":[{"href":"https:\/\/www.europesays.com\/se\/wp-json\/wp\/v2\/posts\/32814","targetHints":{"allow":["GET"]}}],"collection":[{"href":"https:\/\/www.europesays.com\/se\/wp-json\/wp\/v2\/posts"}],"about":[{"href":"https:\/\/www.europesays.com\/se\/wp-json\/wp\/v2\/types\/post"}],"author":[{"embeddable":true,"href":"https:\/\/www.europesays.com\/se\/wp-json\/wp\/v2\/users\/2"}],"replies":[{"embeddable":true,"href":"https:\/\/www.europesays.com\/se\/wp-json\/wp\/v2\/comments?post=32814"}],"version-history":[{"count":0,"href":"https:\/\/www.europesays.com\/se\/wp-json\/wp\/v2\/posts\/32814\/revisions"}],"wp:featuredmedia":[{"embeddable":true,"href":"https:\/\/www.europesays.com\/se\/wp-json\/wp\/v2\/media\/32815"}],"wp:attachment":[{"href":"https:\/\/www.europesays.com\/se\/wp-json\/wp\/v2\/media?parent=32814"}],"wp:term":[{"taxonomy":"category","embeddable":true,"href":"https:\/\/www.europesays.com\/se\/wp-json\/wp\/v2\/categories?post=32814"},{"taxonomy":"post_tag","embeddable":true,"href":"https:\/\/www.europesays.com\/se\/wp-json\/wp\/v2\/tags?post=32814"}],"curies":[{"name":"wp","href":"https:\/\/api.w.org\/{rel}","templated":true}]}}