{"id":328303,"date":"2026-08-06T11:32:10","date_gmt":"2026-08-06T11:32:10","guid":{"rendered":"https:\/\/www.europesays.com\/se\/328303\/"},"modified":"2026-08-06T11:32:10","modified_gmt":"2026-08-06T11:32:10","slug":"tv-guide-sa-kan-du-se-rakow-mot-hammarby-i-conference-league-kvalet","status":"publish","type":"post","link":"https:\/\/www.europesays.com\/se\/328303\/","title":{"rendered":"TV-guide: S\u00e5 kan du se Rak\u00f3w mot Hammarby i Conference League-kvalet"},"content":{"rendered":"<p>Rak\u00f3w Cz\u0119stochowa tar emot <a target=\"_self\" href=\"https:\/\/www.svenskafans.com\/fotboll\/lag\/bajen\" rel=\"nofollow noopener\"><a href=\"https:\/\/www.svenskafans.com\/fotboll\/lag\/bajen\" class=\"inText\" title=\"Hammarby\" rel=\"nofollow noopener\" target=\"_blank\">Hammarby<\/a> i Conference League-kvalet torsdagen den 6 augusti med avspark klockan 19.00 svensk tid. Matchen spelas i Cz\u0119stochowa.<\/p>\n<p>Det h\u00e4r \u00e4r den f\u00f6rsta matchen i dubbelm\u00f6tet och ger utg\u00e5ngsl\u00e4get inf\u00f6r returen p\u00e5 3Arena torsdagen den 13 augusti klockan 19.00.<\/p>\n<p>Rak\u00f3w\u2013Hammarby: N\u00e4r och var?<\/p>\n<ul>\n<li><strong>Datum:<\/strong> Torsdagen den 6 augusti 2026<\/li>\n<li><strong>Avspark:<\/strong> Kl. 19.00 svensk tid<\/li>\n<li><strong>Arena:<\/strong> Miejski Stadion Pi\u0142karski Rak\u00f3w<\/li>\n<li><strong>Ort:<\/strong> Cz\u0119stochowa<\/li>\n<li><strong>Turnering:<\/strong> Conference League-kval<\/li>\n<li><strong>Match:<\/strong> Rak\u00f3w Cz\u0119stochowa\u2013Hammarby<\/li>\n<\/ul>\n<p>Rak\u00f3w \u00e4r hemmalag i det f\u00f6rsta m\u00f6tet.<\/p>\n<p>S\u00e5 kan du se Rak\u00f3w\u2013Hammarby p\u00e5 tv eller stream i <a href=\"https:\/\/www.svenskafans.com\/fotboll\/landslag\/landslaget\" class=\"inText\" title=\"Sverige\" rel=\"nofollow noopener\" target=\"_blank\">Sverige<\/a><\/p>\n<p>N\u00e5gon svensk tv-kanal visar inte matchen mellan Rak\u00f3w och Hammarby.<\/p>\n<p>F\u00f6r den som vill se matchen mellan Rak\u00f3w och Hammarby i UEFA Conference League-kvalet \u00e4r det Aftonbladet TV som g\u00e4ller. S\u00e4ndningen b\u00f6rjar 18:30, med avspark 19:00.<\/p>\n<p>F\u00f6r att se matchen kr\u00e4vs ett Aftonbladet Plus-konto. Det skaffar du p\u00e5 Aftonbladets hemsida.<\/p>\n<p>Rak\u00f3w\u2013Hammarby: Vad man kan f\u00f6rv\u00e4nta sig<\/p>\n<p>Rak\u00f3w g\u00e5r in i matchen efter en 1\u20132-f\u00f6rlust borta mot \u015al\u0105sk Wroc\u0142aw och har tre raka f\u00f6rluster med sig in i kvalm\u00f6tet. Hammarby f\u00f6ll senast med 1\u20133 borta mot Anderlecht, men formraden \u00f6ver de fem senaste matcherna \u00e4r \u00e4nd\u00e5 lite stabilare med tv\u00e5 segrar, tv\u00e5 oavgjorda och en f\u00f6rlust.<\/p>\n<p>Dawid Kroczek leder Rak\u00f3w och Henrik Rydstr\u00f6m styr Hammarby inf\u00f6r torsdagskv\u00e4llen. N\u00e5gra bekr\u00e4ftade uppgifter om skador, avst\u00e4ngningar eller startelvor finns inte, s\u00e5 f\u00f6rsnacket stannar vid formen och betydelsen av det f\u00f6rsta m\u00f6tet.<\/p>\n<p>Hur tror du att Bajen klarar sig i Polen? Dela med dig av dina tankar i forumet!<\/p>\n","protected":false},"excerpt":{"rendered":"Rak\u00f3w Cz\u0119stochowa tar emot Hammarby i Conference League-kvalet torsdagen den 6 augusti med avspark klockan 19.00 svensk tid.&hellip;\n","protected":false},"author":2,"featured_media":328304,"comment_status":"","ping_status":"","sticky":false,"template":"","format":"standard","meta":{"footnotes":"","_share_on_mastodon":"0"},"categories":[68],"tags":[32585,35072,3712,35073,35071,34,35075,111,110,35074,31,33,32,30,35070],"class_list":["post-328303","post","type-post","status-publish","format-standard","has-post-thumbnail","category-sport","tag-conference-league","tag-conference-league-kval","tag-hammarby","tag-rakow","tag-sa-kan-du-se","tag-se","tag-se-live","tag-sport","tag-sports","tag-streama","tag-svenska","tag-sverige","tag-sweden","tag-swedish","tag-tv-guide"],"share_on_mastodon":{"url":"https:\/\/pubeurope.com\/@se\/117048347617662466","error":""},"_links":{"self":[{"href":"https:\/\/www.europesays.com\/se\/wp-json\/wp\/v2\/posts\/328303","targetHints":{"allow":["GET"]}}],"collection":[{"href":"https:\/\/www.europesays.com\/se\/wp-json\/wp\/v2\/posts"}],"about":[{"href":"https:\/\/www.europesays.com\/se\/wp-json\/wp\/v2\/types\/post"}],"author":[{"embeddable":true,"href":"https:\/\/www.europesays.com\/se\/wp-json\/wp\/v2\/users\/2"}],"replies":[{"embeddable":true,"href":"https:\/\/www.europesays.com\/se\/wp-json\/wp\/v2\/comments?post=328303"}],"version-history":[{"count":0,"href":"https:\/\/www.europesays.com\/se\/wp-json\/wp\/v2\/posts\/328303\/revisions"}],"wp:featuredmedia":[{"embeddable":true,"href":"https:\/\/www.europesays.com\/se\/wp-json\/wp\/v2\/media\/328304"}],"wp:attachment":[{"href":"https:\/\/www.europesays.com\/se\/wp-json\/wp\/v2\/media?parent=328303"}],"wp:term":[{"taxonomy":"category","embeddable":true,"href":"https:\/\/www.europesays.com\/se\/wp-json\/wp\/v2\/categories?post=328303"},{"taxonomy":"post_tag","embeddable":true,"href":"https:\/\/www.europesays.com\/se\/wp-json\/wp\/v2\/tags?post=328303"}],"curies":[{"name":"wp","href":"https:\/\/api.w.org\/{rel}","templated":true}]}}