{"id":328585,"date":"2026-08-06T15:31:21","date_gmt":"2026-08-06T15:31:21","guid":{"rendered":"https:\/\/www.europesays.com\/se\/328585\/"},"modified":"2026-08-06T15:31:21","modified_gmt":"2026-08-06T15:31:21","slug":"som-rastgarden-pa-ett-hakte-supportrar-buras-in-i-bajens-bortamote","status":"publish","type":"post","link":"https:\/\/www.europesays.com\/se\/328585\/","title":{"rendered":"\u201dSom rastg\u00e5rden p\u00e5 ett h\u00e4kte\u201d \u2013 supportrar buras in i Bajens bortam\u00f6te"},"content":{"rendered":"<p>                                <img loading=\"lazy\" width=\"1000\" height=\"650\" src=\"https:\/\/www.europesays.com\/se\/wp-content\/uploads\/2026\/08\/rakow_buren.jpg\" class=\"attachment-full size-full wp-post-image\" alt=\"\u201dSom rastg\u00e5rden p\u00e5 ett h\u00e4kte\u201d \u2013 supportrar buras in i Bajens bortam\u00f6te\" title=\"\" decoding=\"async\"  \/>                            <\/p>\n<p><strong>300-400 bajare v\u00e4ntas till bortasektionen mot Rakow ikv\u00e4ll.<\/strong><\/p>\n<p><strong>De kommer att tr\u00e4ngas in i en bur med tak.<\/strong><\/p>\n<p><strong>G\u00f6ran Rickmer, s\u00e4kerhetsansvarig i Hammarby, associerar till ett h\u00e4kte och fj\u00e4rilshuset i Hagaparken n\u00e4r han ska beskriva vad som v\u00e4ntar.<\/strong><\/p>\n<p>  Redan prenumerant? <a href=\"https:\/\/fotbollsthlm.se\/login\/\" style=\"color:blue;\" rel=\"nofollow noopener\" target=\"_blank\">Logga in<\/a> f\u00f6r att l\u00e4sa.<\/p>\n<p>Eller bli <a href=\"https:\/\/fotbollsthlm.se\/plus\/\" style=\"color:blue;\" rel=\"nofollow noopener\" target=\"_blank\">Prenumerant<\/a> &#13;\n    <\/p>\n<p>\u2022 Tillg\u00e5ng till allt material p\u00e5 Fotboll Sthlm <br \/>&#13;<br \/>\n\u2022 L\u00f6pande prenumeration, utan bindningstid <br \/>&#13;<br \/>\n\u2022 99 kronor f\u00f6r 30 dagar&#13;\n    <\/p>\n<p>                                <a href=\"https:\/\/fotbollsthlm.se\/tag\/czestochowa\/\" rel=\"tag nofollow noopener\" target=\"_blank\">Czestochowa<\/a>, <a href=\"https:\/\/fotbollsthlm.se\/tag\/hammarby\/\" rel=\"tag nofollow noopener\" target=\"_blank\">Hammarby<\/a>, <a href=\"https:\/\/fotbollsthlm.se\/tag\/plus\/\" rel=\"tag nofollow noopener\" target=\"_blank\">Plus<\/a>                            <\/p>\n","protected":false},"excerpt":{"rendered":"300-400 bajare v\u00e4ntas till bortasektionen mot Rakow ikv\u00e4ll. De kommer att tr\u00e4ngas in i en bur med tak.&hellip;\n","protected":false},"author":2,"featured_media":328586,"comment_status":"","ping_status":"","sticky":false,"template":"","format":"standard","meta":{"footnotes":"","_share_on_mastodon":"0"},"categories":[5],"tags":[22,23,35091,26,27,3712,17,21,24,25,28,29,15,16,9471,18,34,31,33,32,30,19,20],"class_list":["post-328585","post","type-post","status-publish","format-standard","has-post-thumbnail","category-rubriker","tag-breaking-news","tag-breakingnews","tag-czestochowa","tag-featured-news","tag-featurednews","tag-hammarby","tag-headlines","tag-huvudnyheter","tag-latest-news","tag-latestnews","tag-main-news","tag-mainnews","tag-news","tag-nyheter","tag-plus","tag-rubriker","tag-se","tag-svenska","tag-sverige","tag-sweden","tag-swedish","tag-top-stories","tag-topstories"],"share_on_mastodon":{"url":"https:\/\/pubeurope.com\/@se\/117049287836718586","error":""},"_links":{"self":[{"href":"https:\/\/www.europesays.com\/se\/wp-json\/wp\/v2\/posts\/328585","targetHints":{"allow":["GET"]}}],"collection":[{"href":"https:\/\/www.europesays.com\/se\/wp-json\/wp\/v2\/posts"}],"about":[{"href":"https:\/\/www.europesays.com\/se\/wp-json\/wp\/v2\/types\/post"}],"author":[{"embeddable":true,"href":"https:\/\/www.europesays.com\/se\/wp-json\/wp\/v2\/users\/2"}],"replies":[{"embeddable":true,"href":"https:\/\/www.europesays.com\/se\/wp-json\/wp\/v2\/comments?post=328585"}],"version-history":[{"count":0,"href":"https:\/\/www.europesays.com\/se\/wp-json\/wp\/v2\/posts\/328585\/revisions"}],"wp:featuredmedia":[{"embeddable":true,"href":"https:\/\/www.europesays.com\/se\/wp-json\/wp\/v2\/media\/328586"}],"wp:attachment":[{"href":"https:\/\/www.europesays.com\/se\/wp-json\/wp\/v2\/media?parent=328585"}],"wp:term":[{"taxonomy":"category","embeddable":true,"href":"https:\/\/www.europesays.com\/se\/wp-json\/wp\/v2\/categories?post=328585"},{"taxonomy":"post_tag","embeddable":true,"href":"https:\/\/www.europesays.com\/se\/wp-json\/wp\/v2\/tags?post=328585"}],"curies":[{"name":"wp","href":"https:\/\/api.w.org\/{rel}","templated":true}]}}