{"id":328857,"date":"2026-08-06T18:48:30","date_gmt":"2026-08-06T18:48:30","guid":{"rendered":"https:\/\/www.europesays.com\/se\/328857\/"},"modified":"2026-08-06T18:48:30","modified_gmt":"2026-08-06T18:48:30","slug":"svenska-spioner-rankas-bland-europas-basta","status":"publish","type":"post","link":"https:\/\/www.europesays.com\/se\/328857\/","title":{"rendered":"Svenska spioner rankas bland Europas b\u00e4sta"},"content":{"rendered":"<p>  <img alt=\"\" class=\"_image_1jxax_84 layout-component layout-wide\" data-fullscreen- data-track-element-type=\"Article image fullscreen\" data-track-name=\"ImageFullscreen\" fetchpriority=\"high\" decoding=\"sync\" loading=\"eager\" height=\"3840\" itemprop=\"image\"  src=\"https:\/\/www.europesays.com\/se\/wp-content\/uploads\/2026\/08\/19b41832-2be4-3026-82e1-b436b6fea0fe.jpeg\"  style=\"object-position:0% 0%\" width=\"5760\"\/><\/p>\n<p class=\"_textTheme_zldsx_1 _lead_16k26_2 _lead_3ue4t_18 layout-component layout-normal layout-padded _lead_o6m9k_5 _leadTheme_1q6sv_1 body-large bold\">Signalspaning och riktiga spioner. Det \u00e4r den svenska underr\u00e4ttelsetj\u00e4nstens st\u00f6rsta styrkor, enligt franska L\u2019Express, som l\u00e5tit experter betygs\u00e4tta Europas underr\u00e4ttelsetj\u00e4nster.<\/p>\n<p><a class=\"_link_1lr5y_108\" href=\"https:\/\/www.svd.se\/av\/mathias-stahle\" title=\"Mathias St\u00e5hle\" rel=\"nofollow noopener\" target=\"_blank\"><img alt=\"Bild av Mathias St\u00e5hle\" class=\"_image_1lr5y_85\" fetchpriority=\"low\" decoding=\"async\" itemprop=\"image\" loading=\"lazy\"  src=\"https:\/\/www.europesays.com\/se\/wp-content\/uploads\/2026\/08\/1786042110_762_e9e9706e-3126-4d4d-9e8e-23bc6772e0c8.png\"  width=\"480\"\/><\/a>          <\/p>\n<p class=\"_textTheme_zldsx_1 _paragraph_16k26_4 _paragraph_3ue4t_27 layout-component layout-normal layout-padded body-medium\">Inom svensk f\u00f6rvaltning medger man s\u00e4llan att landet har egna spioner. Men precis som andra l\u00e4nder har Sverige flera underr\u00e4ttelseorganisationer som i tysthet samlar in information fr\u00e5n v\u00e5ra grannl\u00e4nder i och omkring Europa.<\/p>\n<p class=\"_textTheme_zldsx_1 _paragraph_16k26_4 _paragraph_3ue4t_27 layout-component layout-normal layout-padded body-medium\">Tv\u00e5 av dem f\u00e5r svensk underr\u00e4ttelsetj\u00e4nst att sticka ut, enligt <a href=\"https:\/\/www.lexpress.eu\/intelligence\/who-are-europes-best-spies-the-inside-story-of-our-ranking-08-04-2026-K6SILOHM2VDZXIDR3MKGJQRPY4\/\" class=\"_link_16k26_32\" rel=\"nofollow noopener\" target=\"_blank\">L\u2019Express<\/a> stora spionagegranskning:  F\u00f6rsvarets radioanstalt (FRA) och Kontoret f\u00f6r s\u00e4rskild inh\u00e4mtning (KSI). <\/p>\n","protected":false},"excerpt":{"rendered":"Signalspaning och riktiga spioner. Det \u00e4r den svenska underr\u00e4ttelsetj\u00e4nstens st\u00f6rsta styrkor, enligt franska L\u2019Express, som l\u00e5tit experter betygs\u00e4tta&hellip;\n","protected":false},"author":2,"featured_media":328858,"comment_status":"","ping_status":"","sticky":false,"template":"","format":"standard","meta":{"footnotes":"","_share_on_mastodon":"0"},"categories":[14],"tags":[22,23,26,27,380,17,21,35205,24,25,28,29,15963,15,16,18,264,34,31,33,32,30,19,20,51,52,53,54],"class_list":["post-328857","post","type-post","status-publish","format-standard","has-post-thumbnail","category-varlden","tag-breaking-news","tag-breakingnews","tag-featured-news","tag-featurednews","tag-forsvarsmakten","tag-headlines","tag-huvudnyheter","tag-ksi","tag-latest-news","tag-latestnews","tag-main-news","tag-mainnews","tag-mi6","tag-news","tag-nyheter","tag-rubriker","tag-ryssland","tag-se","tag-svenska","tag-sverige","tag-sweden","tag-swedish","tag-top-stories","tag-topstories","tag-varlden","tag-world","tag-world-news","tag-worldnews"],"share_on_mastodon":{"url":"https:\/\/pubeurope.com\/@se\/117050062522001976","error":""},"_links":{"self":[{"href":"https:\/\/www.europesays.com\/se\/wp-json\/wp\/v2\/posts\/328857","targetHints":{"allow":["GET"]}}],"collection":[{"href":"https:\/\/www.europesays.com\/se\/wp-json\/wp\/v2\/posts"}],"about":[{"href":"https:\/\/www.europesays.com\/se\/wp-json\/wp\/v2\/types\/post"}],"author":[{"embeddable":true,"href":"https:\/\/www.europesays.com\/se\/wp-json\/wp\/v2\/users\/2"}],"replies":[{"embeddable":true,"href":"https:\/\/www.europesays.com\/se\/wp-json\/wp\/v2\/comments?post=328857"}],"version-history":[{"count":0,"href":"https:\/\/www.europesays.com\/se\/wp-json\/wp\/v2\/posts\/328857\/revisions"}],"wp:featuredmedia":[{"embeddable":true,"href":"https:\/\/www.europesays.com\/se\/wp-json\/wp\/v2\/media\/328858"}],"wp:attachment":[{"href":"https:\/\/www.europesays.com\/se\/wp-json\/wp\/v2\/media?parent=328857"}],"wp:term":[{"taxonomy":"category","embeddable":true,"href":"https:\/\/www.europesays.com\/se\/wp-json\/wp\/v2\/categories?post=328857"},{"taxonomy":"post_tag","embeddable":true,"href":"https:\/\/www.europesays.com\/se\/wp-json\/wp\/v2\/tags?post=328857"}],"curies":[{"name":"wp","href":"https:\/\/api.w.org\/{rel}","templated":true}]}}