{"id":328859,"date":"2026-08-06T18:53:21","date_gmt":"2026-08-06T18:53:21","guid":{"rendered":"https:\/\/www.europesays.com\/se\/328859\/"},"modified":"2026-08-06T18:53:21","modified_gmt":"2026-08-06T18:53:21","slug":"de-blir-australier-efter-tysta-fotbollsprotesten","status":"publish","type":"post","link":"https:\/\/www.europesays.com\/se\/328859\/","title":{"rendered":"De blir australier efter tysta fotbollsprotesten"},"content":{"rendered":"<p>De avhoppade iranska fotbollsspelarna Fatemeh Pasandideh och Atefeh Ramezanisadeh har f\u00e5tt australiskt medborgarskap, rapporterar AP. De s\u00f6kte asyl i landet efter att ha v\u00e4grat sjunga med i sitt lands nationals\u00e5ng under Asian Cup i mars. De anklagades d\u00e5 i iransk tv f\u00f6r att vara \u201dkrigstidsf\u00f6rr\u00e4dare\u201d. <\/p>\n<p>\u201dAustralien har gett mig m\u00f6jligheten att bygga mitt liv och min framtid, och jag k\u00e4nner mer \u00e4n n\u00e5gonsin att jag h\u00f6r hemma h\u00e4r\u201d, skriver Atefeh Ramezanisadeh i ett uttalande. <\/p>\n<p>M\u00e4nniskor\u00e4ttsorganisationen HRLC tar tillf\u00e4llet i akt att p\u00e5minna om runt 700 flyktingar som har levt i landet i mer \u00e4n tio \u00e5r med tillf\u00e4lliga uppeh\u00e5llstillst\u00e5nd. <\/p>\n<p>H\u00e4lften av dem \u00e4r fr\u00e5n Iran, och en av dem \u00e4r Fatemeh Lahmidi, som s\u00e4ger att hon \u00e4r glad f\u00f6r fotbollsspelarnas skull men s\u00e5rad \u00f6ver att hon sj\u00e4lv lever i os\u00e4kerhet efter 13 \u00e5r i landet, s\u00e4ger hon till ABC:  <\/p>\n<p>\u2013 Det \u00e4r sm\u00e4rtsamt att se hur olika folk behandlas.  <\/p>\n<p>Omni \u00e4r politiskt obundna och oberoende. Vi str\u00e4var efter att ge fler perspektiv p\u00e5 nyheterna. Har du fr\u00e5gor eller synpunkter kring v\u00e5r rapportering? <a href=\"https:\/\/omni.se\/de-blir-australier-efter-tysta-fotbollsprotesten\/a\/mailto:redaktion@omni.se\" class=\"ArticleActions-module-scss-module__w9u9BG__contactLink\" rel=\"nofollow noopener\" target=\"_blank\">Kontakta redaktionen<\/a><\/p>\n","protected":false},"excerpt":{"rendered":"De avhoppade iranska fotbollsspelarna Fatemeh Pasandideh och Atefeh Ramezanisadeh har f\u00e5tt australiskt medborgarskap, rapporterar AP. De s\u00f6kte asyl&hellip;\n","protected":false},"author":2,"featured_media":328860,"comment_status":"","ping_status":"","sticky":false,"template":"","format":"standard","meta":{"footnotes":"","_share_on_mastodon":"0"},"categories":[68],"tags":[420,450,138,1530,124,125,34,111,110,31,33,32,30],"class_list":["post-328859","post","type-post","status-publish","format-standard","has-post-thumbnail","category-sport","tag-asien","tag-australien","tag-fotboll","tag-iran","tag-mellanostern","tag-mellanosternkrisen","tag-se","tag-sport","tag-sports","tag-svenska","tag-sverige","tag-sweden","tag-swedish"],"share_on_mastodon":{"url":"https:\/\/pubeurope.com\/@se\/117050081733056777","error":""},"_links":{"self":[{"href":"https:\/\/www.europesays.com\/se\/wp-json\/wp\/v2\/posts\/328859","targetHints":{"allow":["GET"]}}],"collection":[{"href":"https:\/\/www.europesays.com\/se\/wp-json\/wp\/v2\/posts"}],"about":[{"href":"https:\/\/www.europesays.com\/se\/wp-json\/wp\/v2\/types\/post"}],"author":[{"embeddable":true,"href":"https:\/\/www.europesays.com\/se\/wp-json\/wp\/v2\/users\/2"}],"replies":[{"embeddable":true,"href":"https:\/\/www.europesays.com\/se\/wp-json\/wp\/v2\/comments?post=328859"}],"version-history":[{"count":0,"href":"https:\/\/www.europesays.com\/se\/wp-json\/wp\/v2\/posts\/328859\/revisions"}],"wp:featuredmedia":[{"embeddable":true,"href":"https:\/\/www.europesays.com\/se\/wp-json\/wp\/v2\/media\/328860"}],"wp:attachment":[{"href":"https:\/\/www.europesays.com\/se\/wp-json\/wp\/v2\/media?parent=328859"}],"wp:term":[{"taxonomy":"category","embeddable":true,"href":"https:\/\/www.europesays.com\/se\/wp-json\/wp\/v2\/categories?post=328859"},{"taxonomy":"post_tag","embeddable":true,"href":"https:\/\/www.europesays.com\/se\/wp-json\/wp\/v2\/tags?post=328859"}],"curies":[{"name":"wp","href":"https:\/\/api.w.org\/{rel}","templated":true}]}}