{"id":328933,"date":"2026-08-06T20:10:22","date_gmt":"2026-08-06T20:10:22","guid":{"rendered":"https:\/\/www.europesays.com\/se\/328933\/"},"modified":"2026-08-06T20:10:22","modified_gmt":"2026-08-06T20:10:22","slug":"trump-pekar-ut-jd-vance-som-arvtagar","status":"publish","type":"post","link":"https:\/\/www.europesays.com\/se\/328933\/","title":{"rendered":"Trump pekar ut JD Vance som arvtagar"},"content":{"rendered":"<p>Publicerad 6 aug 2026 kl 21.34<\/p>\n<p>Det har spekulerats kring vem som kan bli Trumps tronarvinge.<\/p>\n<p>Presidenten sj\u00e4lv tycks ha en favoritkandidat, enligt <a href=\"https:\/\/www.washingtonpost.com\/politics\/2026\/08\/06\/trump-tells-donors-we-need-elect-jd-vp-weighs-his-future\/\" rel=\"nofollow noopener\" target=\"_blank\">Washington Posts k\u00e4llor<\/a>.\u00a0<\/p>\n<p>\u2013 I slut\u00e4ndan m\u00e5ste vi v\u00e4lja JD, ska han ha sagt.<\/p>\n<p>Senaste nyhetsklippen fr\u00e5n Expressen.<img   alt=\"\"\/><\/p>\n<p>USA:s president Donald Trump.<\/p>\n<p>Foto: MARK SCHIEFELBEIN\/AP\/TT<\/p>\n<p>\u00d6ppna bild i helsk\u00e4rm<\/p>\n<p><a href=\"https:\/\/www.expressen.se\/tagg\/location\/usa\/\" class=\"\" rel=\"nofollow noopener\" target=\"_blank\">USA<\/a>:s president Donald Trump har tv\u00e5 h\u00f6gra h\u00e4nder. Vicepresident JD Vance och utrikesminister Marco Rubio \u00e4r i det allra h\u00f6gsta skiktet i b\u00e5de Republikanska partiet och Vita huset.<\/p>\n<p>N\u00e5gon av dem tros vara en trolig efterf\u00f6ljare till Trump. Men vem han sj\u00e4lv f\u00f6redragit har varit h\u00f6ljt i dunkel \u2013 fram tills nu.<\/p>\n<p>\u201dM\u00e5ste v\u00e4lja JD\u201d<\/p>\n<p>Till ett hemligt m\u00f6te i Ovala rum i Vita huset hade president Trump bjudit in n\u00e5gra av Republikanernas donatorer. Han sa d\u00e5 till dem att han vill se JD Vance som presidentkandidat i valet 2028. Det uppger tv\u00e5 k\u00e4llor med insyn i m\u00f6tet f\u00f6r <a href=\"https:\/\/www.washingtonpost.com\/politics\/2026\/08\/06\/trump-tells-donors-we-need-elect-jd-vp-weighs-his-future\/\" rel=\"nofollow noopener\" target=\"_blank\">Washington Post<\/a>.\u00a0<\/p>\n<p>\u2013 I slut\u00e4ndan m\u00e5ste vi v\u00e4lja JD, sa Trump under m\u00f6tet.<\/p>\n<p>I offentliga sammanhang har presidenten sagt att han hade velat se b\u00e5de sin vicepresident utrikesminister i kampanjen, men undvikit att svara p\u00e5 fr\u00e5gor om vem som b\u00f6r vara nummer ett.<\/p>\n<p><img loading=\"lazy\"   alt=\"\"\/><\/p>\n<p>Vicepresident JD Vance och utrikesminister Marco Rubio i Ovala rummet i Vita huset.<\/p>\n<p>Foto: WILL OLIVER\/POLARIS IMAGES<\/p>\n<p>\u00d6ppna bild i helsk\u00e4rm<\/p>\n<p>En annan r\u00e5dgivare som Washington Post talat med s\u00e4ger att Trump beslutat sig f\u00f6r Vance. Men det uppges vara f\u00f6r tidigt att tillk\u00e4nnage just nu. Det \u00e4r dock inte skrivet i sten.\u00a0<\/p>\n<p>Kritiserar uppgifterna<\/p>\n<p>Andra personer s\u00e4ger att presidenten fortfarande \u00f6verv\u00e4ger Rubio. Den senaste tiden uppges han ha \u00f6verr\u00f6st personer i sin n\u00e4rhet med fr\u00e5gor om vad de tycker om dem tv\u00e5.<\/p>\n<p>\u2013 Den som tror att det \u00e4r avklarat drar f\u00f6rhastade slutsatser, eller k\u00e4nner inte presidenten s\u00e4rskilt bra, s\u00e4ger en k\u00e4lla.\u00a0<\/p>\n<p>Hur vicepresidenten sj\u00e4lv k\u00e4nner inf\u00f6r att kandidera har han inte best\u00e4mt sig f\u00f6r. Men till <a href=\"https:\/\/www.cbsnews.com\/news\/vance-trump-very-supportive-as-vice-president-moves-closer-to-2028-decision\/?ftag=CNM-00-10aab8c&amp;linkId=961048636\" rel=\"nofollow noopener\" target=\"_blank\">CBS<\/a> har han sagt att han ska diskutera fr\u00e5gan med sin fru efter mellan\u00e5rsvalet i november.\u00a0<\/p>\n<p>Mycket l\u00e4r f\u00f6rtydligas av resultatet fr\u00e5n just det valet. G\u00e5r det d\u00e5ligt f\u00f6r Republikanerna \u00e4r risken stor att motst\u00e5ndet till Trumpadministrationen \u00f6kar och att nya kandidater kliver fram, skriver Washington Post.<\/p>\n","protected":false},"excerpt":{"rendered":"Publicerad 6 aug 2026 kl 21.34 Det har spekulerats kring vem som kan bli Trumps tronarvinge. Presidenten sj\u00e4lv&hellip;\n","protected":false},"author":2,"featured_media":328934,"comment_status":"","ping_status":"","sticky":false,"template":"","format":"standard","meta":{"footnotes":"","_share_on_mastodon":"0"},"categories":[14],"tags":[387,22,23,385,26,27,17,21,403,24,25,28,29,1120,15,268,16,1634,18,34,31,33,32,30,19,20,74,51,52,53,54],"class_list":["post-328933","post","type-post","status-publish","format-standard","has-post-thumbnail","category-varlden","tag-amerikansk-politik","tag-breaking-news","tag-breakingnews","tag-donald-trump","tag-featured-news","tag-featurednews","tag-headlines","tag-huvudnyheter","tag-jd-vance","tag-latest-news","tag-latestnews","tag-main-news","tag-mainnews","tag-marco-rubio","tag-news","tag-nordamerika","tag-nyheter","tag-republikanska-partiet","tag-rubriker","tag-se","tag-svenska","tag-sverige","tag-sweden","tag-swedish","tag-top-stories","tag-topstories","tag-usa","tag-varlden","tag-world","tag-world-news","tag-worldnews"],"share_on_mastodon":{"url":"https:\/\/pubeurope.com\/@se\/117050384574525630","error":""},"_links":{"self":[{"href":"https:\/\/www.europesays.com\/se\/wp-json\/wp\/v2\/posts\/328933","targetHints":{"allow":["GET"]}}],"collection":[{"href":"https:\/\/www.europesays.com\/se\/wp-json\/wp\/v2\/posts"}],"about":[{"href":"https:\/\/www.europesays.com\/se\/wp-json\/wp\/v2\/types\/post"}],"author":[{"embeddable":true,"href":"https:\/\/www.europesays.com\/se\/wp-json\/wp\/v2\/users\/2"}],"replies":[{"embeddable":true,"href":"https:\/\/www.europesays.com\/se\/wp-json\/wp\/v2\/comments?post=328933"}],"version-history":[{"count":0,"href":"https:\/\/www.europesays.com\/se\/wp-json\/wp\/v2\/posts\/328933\/revisions"}],"wp:featuredmedia":[{"embeddable":true,"href":"https:\/\/www.europesays.com\/se\/wp-json\/wp\/v2\/media\/328934"}],"wp:attachment":[{"href":"https:\/\/www.europesays.com\/se\/wp-json\/wp\/v2\/media?parent=328933"}],"wp:term":[{"taxonomy":"category","embeddable":true,"href":"https:\/\/www.europesays.com\/se\/wp-json\/wp\/v2\/categories?post=328933"},{"taxonomy":"post_tag","embeddable":true,"href":"https:\/\/www.europesays.com\/se\/wp-json\/wp\/v2\/tags?post=328933"}],"curies":[{"name":"wp","href":"https:\/\/api.w.org\/{rel}","templated":true}]}}