{"id":329077,"date":"2026-08-07T00:14:18","date_gmt":"2026-08-07T00:14:18","guid":{"rendered":"https:\/\/www.europesays.com\/se\/329077\/"},"modified":"2026-08-07T00:14:18","modified_gmt":"2026-08-07T00:14:18","slug":"tung-start-for-blavitt-maste-vanda-pa-bortaplan","status":"publish","type":"post","link":"https:\/\/www.europesays.com\/se\/329077\/","title":{"rendered":"Tung start f\u00f6r Bl\u00e5vitt \u2013 m\u00e5ste v\u00e4nda p\u00e5 bortaplan"},"content":{"rendered":"<p>IFK G\u00f6teborg har uppf\u00f6rsbacke i kvalet till Europa Conference League. Bl\u00e5vitt f\u00f6rlorade hemmam\u00f6tet mot belgiska Gent med 0\u20131 och beh\u00f6ver vinna p\u00e5 bortaplan f\u00f6r att ta sig ett steg n\u00e4rmare turneringen.<\/p>\n<p>Nyckelspelaren Sam Larsson var mindre n\u00f6jd med sin insats n\u00e4r han intervjuades i halvtid, precis efter att Gent gjort matchens enda m\u00e5l.<\/p>\n<p>\u2013 F\u00f6rsta halvlek \u00e4r enormt d\u00e5lig, framf\u00f6r allt fr\u00e5n mig.<\/p>\n<p>Returmatchen spelas om en vecka. <\/p>\n<p>Omni \u00e4r politiskt obundna och oberoende. Vi str\u00e4var efter att ge fler perspektiv p\u00e5 nyheterna. Har du fr\u00e5gor eller synpunkter kring v\u00e5r rapportering? <a href=\"https:\/\/omni.se\/tung-start-for-blavitt-maste-vanda-pa-bortaplan\/a\/mailto:redaktion@omni.se\" class=\"ArticleActions-module-scss-module__w9u9BG__contactLink\" rel=\"nofollow noopener\" target=\"_blank\">Kontakta redaktionen<\/a><\/p>\n","protected":false},"excerpt":{"rendered":"IFK G\u00f6teborg har uppf\u00f6rsbacke i kvalet till Europa Conference League. Bl\u00e5vitt f\u00f6rlorade hemmam\u00f6tet mot belgiska Gent med 0\u20131&hellip;\n","protected":false},"author":2,"featured_media":329078,"comment_status":"","ping_status":"","sticky":false,"template":"","format":"standard","meta":{"footnotes":"","_share_on_mastodon":"0"},"categories":[5],"tags":[22,23,26,27,138,17,21,1102,24,25,28,29,15,16,18,29712,34,31,33,32,30,19,20],"class_list":["post-329077","post","type-post","status-publish","format-standard","has-post-thumbnail","category-rubriker","tag-breaking-news","tag-breakingnews","tag-featured-news","tag-featurednews","tag-fotboll","tag-headlines","tag-huvudnyheter","tag-ifk-goteborg","tag-latest-news","tag-latestnews","tag-main-news","tag-mainnews","tag-news","tag-nyheter","tag-rubriker","tag-sam-larsson","tag-se","tag-svenska","tag-sverige","tag-sweden","tag-swedish","tag-top-stories","tag-topstories"],"share_on_mastodon":{"url":"https:\/\/pubeurope.com\/@se\/117051343608832228","error":""},"_links":{"self":[{"href":"https:\/\/www.europesays.com\/se\/wp-json\/wp\/v2\/posts\/329077","targetHints":{"allow":["GET"]}}],"collection":[{"href":"https:\/\/www.europesays.com\/se\/wp-json\/wp\/v2\/posts"}],"about":[{"href":"https:\/\/www.europesays.com\/se\/wp-json\/wp\/v2\/types\/post"}],"author":[{"embeddable":true,"href":"https:\/\/www.europesays.com\/se\/wp-json\/wp\/v2\/users\/2"}],"replies":[{"embeddable":true,"href":"https:\/\/www.europesays.com\/se\/wp-json\/wp\/v2\/comments?post=329077"}],"version-history":[{"count":0,"href":"https:\/\/www.europesays.com\/se\/wp-json\/wp\/v2\/posts\/329077\/revisions"}],"wp:featuredmedia":[{"embeddable":true,"href":"https:\/\/www.europesays.com\/se\/wp-json\/wp\/v2\/media\/329078"}],"wp:attachment":[{"href":"https:\/\/www.europesays.com\/se\/wp-json\/wp\/v2\/media?parent=329077"}],"wp:term":[{"taxonomy":"category","embeddable":true,"href":"https:\/\/www.europesays.com\/se\/wp-json\/wp\/v2\/categories?post=329077"},{"taxonomy":"post_tag","embeddable":true,"href":"https:\/\/www.europesays.com\/se\/wp-json\/wp\/v2\/tags?post=329077"}],"curies":[{"name":"wp","href":"https:\/\/api.w.org\/{rel}","templated":true}]}}