{"id":32912,"date":"2025-09-17T21:59:09","date_gmt":"2025-09-17T21:59:09","guid":{"rendered":"https:\/\/www.europesays.com\/se\/32912\/"},"modified":"2025-09-17T21:59:09","modified_gmt":"2025-09-17T21:59:09","slug":"tobias-billstrom-om-lavrov-en-sorgsen-bulldogg","status":"publish","type":"post","link":"https:\/\/www.europesays.com\/se\/32912\/","title":{"rendered":"Tobias Billstr\u00f6m om Lavrov: \u201dEn sorgsen bulldogg\u201d"},"content":{"rendered":"<p>Publicerad 17 sep 2025 kl 21.16Uppdaterad kl 22.07<\/p>\n<p>\u201dEn sorgsen bulldog\u201d.<\/p>\n<p>S\u00e5 beskriver tidigare utrikesministern Tobias Billstr\u00f6m sin ryska motsvarighet Sergej Lavrov.<\/p>\n<p>I sin nya bok skriver han om Lavrovs \u201dfam\u00f6sa\u201d brev till Natol\u00e4nderna innan invasionen av Ukraina.<\/p>\n<p>Lavrovs kl\u00e4dh\u00e5n \u2013 kritiseras f\u00f6r valet.<img loading=\"lazy\"   alt=\"\"\/><\/p>\n<p>Sergej Lavrov \u00e4r Rysslands utrikesminister.<\/p>\n<p>Foto: \u0422\u0435\u0440\u0435\u0449\u0435\u043d\u043a\u043e \u041c\u0438\u0445\u0430\u0438\u043b \/ TT NYHETSBYR\u00c5N<\/p>\n<p>\u00d6ppna bild i helsk\u00e4rm<img loading=\"lazy\"   alt=\"\"\/><\/p>\n<p>Tobias Billstr\u00f6m l\u00e4mnade som utrikesminister 2024.<\/p>\n<p>Foto: SVEN LINDWALL<\/p>\n<p>\u00d6ppna bild i helsk\u00e4rm<\/p>\n<p>Det var den 17 december 2021 som Ryssland \u00f6verl\u00e4mnade dokumenten till Nato och USA.<\/p>\n<p>D\u00e4r st\u00e4llde landet flera krav \u2013 som att Nato inte skulle till\u00e5ta fler l\u00e4nder att g\u00e5 med i f\u00f6rsvarsunionen och att alliansen skulle dra tillbaka sina trupper fr\u00e5n l\u00e4nder som g\u00e5tt med efter 1997.<\/p>\n<p>Givetvis helt ot\u00e4nkbart f\u00f6r f\u00f6rsvarsalliansen och V\u00e4stl\u00e4nderna.<\/p>\n<p>I sin nya bok \u201dSkarpt l\u00e4ge\u201d\u00a0beskriver Tobias Billstr\u00f6m, moderat utrikesminister mellan 2022 och 2024, brevet som en viktig h\u00e4ndelse f\u00f6r att f\u00f6rst\u00e5 vad som h\u00e4nt i den svenska s\u00e4kerhetspolitiken sedan dess.<\/p>\n<p>\u201dTunga ansikte\u201d<\/p>\n<p>Han ger ocks\u00e5 en beskrivning av den ryska utrikesministerveteranen <a href=\"https:\/\/www.expressen.se\/tagg\/person\/sergej-lavrov\/\" class=\"\" rel=\"nofollow noopener\" target=\"_blank\">Sergej Lavrov<\/a>, som skrivit under brevet.<\/p>\n<p>\u201dHans tunga ansikte med uppsynen av en sorgsen bulldog \u00e4r n\u00e5got som m\u00e5nga vant sig vid att se i klipp och tv-rutor\u201d, skriver Billstr\u00f6m.<\/p>\n<p>Som Putins man \u00e4r Lavrovs uppdrag att sprida den ryska v\u00e4rldsbilden ut i v\u00e4rlden, \u201dmer eller mindre sminkad och tillr\u00e4ttalagd\u201d, menar Billstr\u00f6m.<\/p>\n<p>S\u00e5gar ryska orden<\/p>\n<p>Att st\u00e4lla krav p\u00e5 att Nato inte fick ta in n\u00e5gra fler medlemmar ser Billstr\u00f6m som en direkt utmaning mot Sverige, som tidigare tagit beslut om en s\u00e5 kallad Natooption.<\/p>\n<p>I boken s\u00e5gar den tidigare utrikesministern den ryska retoriken som \u201dstorvulen\u201d\u00a0och \u201dmalande i sin sj\u00e4lvr\u00e4ttf\u00e4rdighet\u201d.<\/p>\n<p>Men orden i brevet kr\u00e4nkte ocks\u00e5 Sveriges och Finlands suver\u00e4nitet, i och med kravet om att inga fler l\u00e4nder skulle till\u00e5tas att g\u00e5 med i Nato.<\/p>\n<p>\u201dDet \u00e4r s\u00e5ledes ingen liten sak\u201d\u201a skriver Billstr\u00f6m.<\/p>\n","protected":false},"excerpt":{"rendered":"Publicerad 17 sep 2025 kl 21.16Uppdaterad kl 22.07 \u201dEn sorgsen bulldog\u201d. S\u00e5 beskriver tidigare utrikesministern Tobias Billstr\u00f6m sin&hellip;\n","protected":false},"author":2,"featured_media":32913,"comment_status":"","ping_status":"","sticky":false,"template":"","format":"standard","meta":{"footnotes":""},"categories":[12],"tags":[22,23,26,27,17,21,24,25,274,28,29,15,16,1010,3554,18,34,154,31,33,32,30,19,781,20],"class_list":{"0":"post-32912","1":"post","2":"type-post","3":"status-publish","4":"format-standard","5":"has-post-thumbnail","7":"category-sverige","8":"tag-breaking-news","9":"tag-breakingnews","10":"tag-featured-news","11":"tag-featurednews","12":"tag-headlines","13":"tag-huvudnyheter","14":"tag-latest-news","15":"tag-latestnews","16":"tag-location-ryssland","17":"tag-main-news","18":"tag-mainnews","19":"tag-news","20":"tag-nyheter","21":"tag-person-sergej-lavrov","22":"tag-person-tobias-billstrom","23":"tag-rubriker","24":"tag-se","25":"tag-sections-sverige","26":"tag-svenska","27":"tag-sverige","28":"tag-sweden","29":"tag-swedish","30":"tag-top-stories","31":"tag-topic-utrikespolitik","32":"tag-topstories"},"share_on_mastodon":{"url":"","error":""},"_links":{"self":[{"href":"https:\/\/www.europesays.com\/se\/wp-json\/wp\/v2\/posts\/32912","targetHints":{"allow":["GET"]}}],"collection":[{"href":"https:\/\/www.europesays.com\/se\/wp-json\/wp\/v2\/posts"}],"about":[{"href":"https:\/\/www.europesays.com\/se\/wp-json\/wp\/v2\/types\/post"}],"author":[{"embeddable":true,"href":"https:\/\/www.europesays.com\/se\/wp-json\/wp\/v2\/users\/2"}],"replies":[{"embeddable":true,"href":"https:\/\/www.europesays.com\/se\/wp-json\/wp\/v2\/comments?post=32912"}],"version-history":[{"count":0,"href":"https:\/\/www.europesays.com\/se\/wp-json\/wp\/v2\/posts\/32912\/revisions"}],"wp:featuredmedia":[{"embeddable":true,"href":"https:\/\/www.europesays.com\/se\/wp-json\/wp\/v2\/media\/32913"}],"wp:attachment":[{"href":"https:\/\/www.europesays.com\/se\/wp-json\/wp\/v2\/media?parent=32912"}],"wp:term":[{"taxonomy":"category","embeddable":true,"href":"https:\/\/www.europesays.com\/se\/wp-json\/wp\/v2\/categories?post=32912"},{"taxonomy":"post_tag","embeddable":true,"href":"https:\/\/www.europesays.com\/se\/wp-json\/wp\/v2\/tags?post=32912"}],"curies":[{"name":"wp","href":"https:\/\/api.w.org\/{rel}","templated":true}]}}