{"id":32914,"date":"2025-09-17T22:07:12","date_gmt":"2025-09-17T22:07:12","guid":{"rendered":"https:\/\/www.europesays.com\/se\/32914\/"},"modified":"2025-09-17T22:07:12","modified_gmt":"2025-09-17T22:07:12","slug":"dalbobron-i-vanersborg-stangs-akut-i-nio-manader","status":"publish","type":"post","link":"https:\/\/www.europesays.com\/se\/32914\/","title":{"rendered":"Dalbobron i V\u00e4nersborg st\u00e4ngs akut \u2013 i nio m\u00e5nader"},"content":{"rendered":"<p>Publicerad 17 sep 2025 kl 22.50<\/p>\n<p>Under onsdagen kom mardr\u00f6msbeskedet f\u00f6r v\u00e4nersborgarna: Dalbobron som f\u00f6rbinder V\u00e4nersborg med Dalsland st\u00e4ngs akut \u2013 i nio m\u00e5nader.\u00a0<\/p>\n<p>\u2013 Det var bommar, bron var helt avst\u00e4ngd och vakter stod och stoppade trafiken, s\u00e4ger Lena Andersson som beskriver brost\u00e4ngningen som en \u201dkatastrof\u201d.\u00a0<\/p>\n<p>Nyheter, reportage och analyser i Sverige och i \u00f6vriga v\u00e4rlden.<img   alt=\"\"\/><\/p>\n<p>Dalbobron \u00e4r omkring en halv kilometer l\u00e5ng och cirka 13 000 fordon passerar den per dag.<\/p>\n<p>Foto: Jerry Lovberg \/ V\u00e4nersborgs kommun<\/p>\n<p>\u00d6ppna bild i helsk\u00e4rm<img loading=\"lazy\"   alt=\"\"\/><\/p>\n<p>Nu kommer den viktiga bron vara avst\u00e4ngd under nio m\u00e5nader, enligt kommunens prognos.<\/p>\n<p>Foto: V\u00e4nersborgs kommun<\/p>\n<p>\u00d6ppna bild i helsk\u00e4rm<img loading=\"lazy\"   alt=\"\"\/><\/p>\n<p>Lena Andersson m\u00f6ttes av bommar och vakter som stoppade trafiken n\u00e4r hon skulle korsa Dalbobron under onsdagskv\u00e4llen.<\/p>\n<p>Foto: Privat<\/p>\n<p>\u00d6ppna bild i helsk\u00e4rm<img loading=\"lazy\"   alt=\"\"\/>\u00d6ppna bild i helsk\u00e4rm<\/p>\n<p>V\u00e4nersborgaren Lena Andersson och hennes make hade promenerat i skogen med hundarna och skulle \u00e5ka hem i bilen under onsdagen. \u00a0<\/p>\n<p>Men Dalbobron, som \u00e4r omkring en halv kilometer l\u00e5ng och f\u00f6rbinder <a href=\"https:\/\/www.expressen.se\/tagg\/location\/vanersborg\/\" class=\"\" rel=\"nofollow noopener\" target=\"_blank\">V\u00e4nersborgs<\/a> centrum med Dalsland, var igenbommad och avst\u00e4ngd.\u00a0<\/p>\n<p>\u2013 D\u00e5 t\u00e4nkte jag: Vad konstigt att det inte har st\u00e5tt n\u00e5got om det h\u00e4r innan, man brukar ju vara informerad om vad som h\u00e4nder i stan, s\u00e4ger Lena Andersson.\u00a0<\/p>\n<p>\u201dKatastrofl\u00e4ge\u201d<\/p>\n<p>Under kv\u00e4llen publicerade V\u00e4nersborgs kommun ett pressmeddelande d\u00e4r de f\u00f6rklarade beslutet att st\u00e4nga bron p\u00e5 vilken det passerar omkring 13 000 fordon \u00f6ver Trollh\u00e4tte kanal varje dag. \u00a0<\/p>\n<p>\u201dDalbobron st\u00e4ngs, d\u00e5 brister har uppt\u00e4ckts i Dalbobrons brost\u00f6d. Skadorna, som uppt\u00e4cktes i samband med en rutinm\u00e4ssig inspektion, visar att bristerna \u00e4r s\u00e5 pass allvarliga att delar av bron inte uppfyller kraven p\u00e5 s\u00e4kerhet\u201d, skriver kommunen som meddelar att prognosen f\u00f6r brost\u00e4ngningen \u00e4r nio m\u00e5nader fram\u00e5t.\u00a0<\/p>\n<p>\u2013 Det \u00e4r l\u00e5ng tid, det \u00e4r v\u00e4ldigt l\u00e5ng tid, s\u00e4ger Lena Andersson. \u00a0<\/p>\n<p>Under avst\u00e4ngningen kommer fordonstrafiken till V\u00e4nersborg att ledas om via E45 och Edsv\u00e4gen, enligt kommunen.\u00a0<\/p>\n<p>\u2013 Det finns andra v\u00e4gar att \u00e5ka, de \u00e4r v\u00e4l tv\u00e5 mil l\u00e4ngre. Men har du cykel eller g\u00e5r s\u00e5 kommer du inte \u00f6ver, jag t\u00e4nker p\u00e5 alla som bor p\u00e5 den sidan av stan. Det \u00e4r j\u00e4ttem\u00e5nga som pendlar ner\u00e5t \u00e5t det h\u00e5llet f\u00f6r att jobba, s\u00e4ger Lena Andersson.\u00a0<\/p>\n<p>\u2013 Det h\u00e4r \u00e4r katastrofl\u00e4ge, skulle jag s\u00e4ga.\u00a0<\/p>\n<p>Kommunen unders\u00f6ker alternativ<\/p>\n<p>Kommunen s\u00e4ger sig ha \u201dfull f\u00f6rst\u00e5else f\u00f6r att detta har stor p\u00e5verkan p\u00e5 m\u00e5nga av v\u00e5ra inv\u00e5nares vardag\u201d.<\/p>\n<p>\u2013 Vi unders\u00f6ker just nu vilka m\u00f6jligheter det finns till alternativ f\u00f6r s\u00e5v\u00e4l g\u00e5ende och cyklister som f\u00f6r bilister, s\u00e4ger Daniel Jerling, tillf\u00f6rordnad samh\u00e4llsbyggnadschef i V\u00e4nersborgs kommun i pressmeddelandet.\u00a0<\/p>\n<p><strong>Vad hoppas du p\u00e5 fr\u00e5n kommunens sida?\u00a0<\/strong><\/p>\n<p>\u2013 Jag hoppas att de ska dra i g\u00e5ng en f\u00e4rja som tidigare har g\u00e5tt \u00f6ver kanalen. Det finns en lokal grupp p\u00e5 Facebook d\u00e4r man diskuterar det h\u00e4r, s\u00e4ger Lena Andersson.\u00a0<\/p>\n<p>Inv\u00e5narna har redan varit pr\u00f6vade vad g\u00e4ller Dalbobron, som invigdes 1963. Under 2023 och f\u00f6rra \u00e5ret genomgick bron en renovering med nya kantbalkar, nya r\u00e4cken och ny belysning, och delar av den var avst\u00e4ngd.\u00a0<\/p>\n<p>Under v\u00e5ren p\u00e5b\u00f6rjades ett f\u00f6rarbete inf\u00f6r kommande underh\u00e5ll av brost\u00f6den och nu f\u00e5r bron allts\u00e5 st\u00e4ngas akut p\u00e5 grund av bristerna i brost\u00f6den.\u00a0<\/p>\n","protected":false},"excerpt":{"rendered":"Publicerad 17 sep 2025 kl 22.50 Under onsdagen kom mardr\u00f6msbeskedet f\u00f6r v\u00e4nersborgarna: Dalbobron som f\u00f6rbinder V\u00e4nersborg med Dalsland&hellip;\n","protected":false},"author":2,"featured_media":32915,"comment_status":"","ping_status":"","sticky":false,"template":"","format":"standard","meta":{"footnotes":""},"categories":[12],"tags":[22,23,26,27,17,21,24,25,3574,3573,3575,28,29,15,16,18,34,154,31,33,32,30,19,1368,996,435,3576,20],"class_list":{"0":"post-32914","1":"post","2":"type-post","3":"status-publish","4":"format-standard","5":"has-post-thumbnail","7":"category-sverige","8":"tag-breaking-news","9":"tag-breakingnews","10":"tag-featured-news","11":"tag-featurednews","12":"tag-headlines","13":"tag-huvudnyheter","14":"tag-latest-news","15":"tag-latestnews","16":"tag-location-dalsland","17":"tag-location-vanersborg","18":"tag-location-vastra-gotalands-lan","19":"tag-main-news","20":"tag-mainnews","21":"tag-news","22":"tag-nyheter","23":"tag-rubriker","24":"tag-se","25":"tag-sections-sverige","26":"tag-svenska","27":"tag-sverige","28":"tag-sweden","29":"tag-swedish","30":"tag-top-stories","31":"tag-topic-infrastruktur","32":"tag-topic-myndigheter","33":"tag-topic-trafik","34":"tag-topic-trafiksakerhet","35":"tag-topstories"},"share_on_mastodon":{"url":"","error":""},"_links":{"self":[{"href":"https:\/\/www.europesays.com\/se\/wp-json\/wp\/v2\/posts\/32914","targetHints":{"allow":["GET"]}}],"collection":[{"href":"https:\/\/www.europesays.com\/se\/wp-json\/wp\/v2\/posts"}],"about":[{"href":"https:\/\/www.europesays.com\/se\/wp-json\/wp\/v2\/types\/post"}],"author":[{"embeddable":true,"href":"https:\/\/www.europesays.com\/se\/wp-json\/wp\/v2\/users\/2"}],"replies":[{"embeddable":true,"href":"https:\/\/www.europesays.com\/se\/wp-json\/wp\/v2\/comments?post=32914"}],"version-history":[{"count":0,"href":"https:\/\/www.europesays.com\/se\/wp-json\/wp\/v2\/posts\/32914\/revisions"}],"wp:featuredmedia":[{"embeddable":true,"href":"https:\/\/www.europesays.com\/se\/wp-json\/wp\/v2\/media\/32915"}],"wp:attachment":[{"href":"https:\/\/www.europesays.com\/se\/wp-json\/wp\/v2\/media?parent=32914"}],"wp:term":[{"taxonomy":"category","embeddable":true,"href":"https:\/\/www.europesays.com\/se\/wp-json\/wp\/v2\/categories?post=32914"},{"taxonomy":"post_tag","embeddable":true,"href":"https:\/\/www.europesays.com\/se\/wp-json\/wp\/v2\/tags?post=32914"}],"curies":[{"name":"wp","href":"https:\/\/api.w.org\/{rel}","templated":true}]}}