{"id":32920,"date":"2025-09-17T22:21:12","date_gmt":"2025-09-17T22:21:12","guid":{"rendered":"https:\/\/www.europesays.com\/se\/32920\/"},"modified":"2025-09-17T22:21:12","modified_gmt":"2025-09-17T22:21:12","slug":"dji-mini-5-pro-bjuder-pa-storre-sensor-och-battre-gimbal","status":"publish","type":"post","link":"https:\/\/www.europesays.com\/se\/32920\/","title":{"rendered":"DJI Mini 5 Pro bjuder p\u00e5 st\u00f6rre sensor och b\u00e4ttre gimbal"},"content":{"rendered":"<p>                          Prylnytt<\/p>\n<p class=\"articleingress\">Likt sina st\u00f6rre syskon f\u00e5r DJI Mini 5 Pro en 1-tumssensor som ger l\u00e4gre brus och st\u00f6rre dynamiskt omf\u00e5ng.<\/p>\n<p><strong>DJI Mini 5 Pro<\/strong> \u00e4r den f\u00f6rsta dr\u00f6naren under 250 gram med 1-tumssensor. Det \u00e4r avg\u00f6rande eftersom dr\u00f6naren precis g\u00e5r under kr\u00e4nsen f\u00f6r att kr\u00e4va dr\u00f6narkort f\u00f6r att f\u00e5 flygas.<\/p>\n<p>Vid stillbildstagning kan dr\u00f6naren ge 50-megapixelbilder med ett utsnitt som motsvarar 24 mm med sm\u00e5bild.<\/p>\n<p>Uppl\u00f6sningen kan ocks\u00e5 anv\u00e4ndas f\u00f6r att besk\u00e4ra bildytan till motsvarande 48 mm med sm\u00e5bild.<\/p>\n<p>Video kan lagras i 4K\/60p i HDR med 4 stegs dynamiskt omf\u00e5ng. Med D Log-M eller HLG som optimerar det dynamiska omf\u00e5nget max-ISO \u00e4r 3\u00a0200, annars 12\u00a0800.<\/p>\n<p>Det finns ocks\u00e5 m\u00f6jlighet till 4K\/120p f\u00f6r att f\u00e5nga snabba r\u00f6relser.<\/p>\n<p><a href=\"https:\/\/www.europesays.com\/se\/wp-content\/uploads\/2025\/09\/941053.jpg\" rel=\"lightbox\"><img decoding=\"async\" src=\"https:\/\/www.europesays.com\/se\/wp-content\/uploads\/2025\/09\/941053.jpg\" alt=\"\" rel=\"lightbox\" class=\"lightbox\" data-cli=\"DocumentPart-941053\"\/><\/a><\/p>\n<p>En annan nyhet \u00e4r gimbalen med 225graders rollrotation och \u00e4kta vertikal fotografering. Det senare underl\u00e4ttar om man vill ta bilder och video i st\u00e5ende format f\u00f6r sociala medier.<\/p>\n<p>S\u00e4kerheten f\u00f6rb\u00e4ttras med har omnidirektionell hinderavk\u00e4nning. Den funktionen tar bland annat hj\u00e4lp av en fram\u00e5triktad djupseende lidar och sensorer runt om.<\/p>\n<p>DJI Mini 5 Pro kan \u00e4anv\u00e4nda kartdata och visuella referenspunkter f\u00f6r navigering om GSP-signaler saknas.<\/p>\n<p>Batteritiden anges till 36 minuter.<\/p>\n<p><a href=\"https:\/\/www.europesays.com\/se\/wp-content\/uploads\/2025\/09\/941054.jpg\" rel=\"lightbox\"><img decoding=\"async\" src=\"https:\/\/www.europesays.com\/se\/wp-content\/uploads\/2025\/09\/941054.jpg\" alt=\"\" rel=\"lightbox\" class=\"lightbox\" data-cli=\"DocumentPart-941054\"\/><\/a><\/p>\n<p>Det rekommenderade priset f\u00f6r DJI Mini 5 Pro \u00e4r 9\u00a0499 kronor inklusive moms f\u00f6r grundpaketet. Det finns \u00e4ven tv\u00e5 paket med fler tillbeh\u00f6r f\u00f6r 13\u00a0399 respektive 14\u00a0990 kronor.<\/p>\n<p>      \t\t\t<img decoding=\"async\" src=\"https:\/\/www.europesays.com\/se\/wp-content\/uploads\/2025\/08\/f2117752c045dc283223ad728e8d8f03.jpg\" border=\"0\" alt=\"\"\/>\t\t\t\t<\/p>\n<p>Publicerad 2025-09-17. <\/p>\n","protected":false},"excerpt":{"rendered":"Prylnytt Likt sina st\u00f6rre syskon f\u00e5r DJI Mini 5 Pro en 1-tumssensor som ger l\u00e4gre brus och st\u00f6rre&hellip;\n","protected":false},"author":2,"featured_media":32921,"comment_status":"","ping_status":"","sticky":false,"template":"","format":"standard","meta":{"footnotes":""},"categories":[66],"tags":[3577,3505,3578,1172,80,78,79,34,31,33,32,30,81,84,83,82],"class_list":{"0":"post-32920","1":"post","2":"type-post","3":"status-publish","4":"format-standard","5":"has-post-thumbnail","7":"category-vetenskap-och-teknik","8":"tag-dji","9":"tag-dronare","10":"tag-dronarkameror","11":"tag-proffsfoto","12":"tag-science","13":"tag-science-and-technology","14":"tag-scienceandtechnology","15":"tag-se","16":"tag-svenska","17":"tag-sverige","18":"tag-sweden","19":"tag-swedish","20":"tag-technology","21":"tag-teknik","22":"tag-vetenskap","23":"tag-vetenskapteknik"},"share_on_mastodon":{"url":"","error":""},"_links":{"self":[{"href":"https:\/\/www.europesays.com\/se\/wp-json\/wp\/v2\/posts\/32920","targetHints":{"allow":["GET"]}}],"collection":[{"href":"https:\/\/www.europesays.com\/se\/wp-json\/wp\/v2\/posts"}],"about":[{"href":"https:\/\/www.europesays.com\/se\/wp-json\/wp\/v2\/types\/post"}],"author":[{"embeddable":true,"href":"https:\/\/www.europesays.com\/se\/wp-json\/wp\/v2\/users\/2"}],"replies":[{"embeddable":true,"href":"https:\/\/www.europesays.com\/se\/wp-json\/wp\/v2\/comments?post=32920"}],"version-history":[{"count":0,"href":"https:\/\/www.europesays.com\/se\/wp-json\/wp\/v2\/posts\/32920\/revisions"}],"wp:featuredmedia":[{"embeddable":true,"href":"https:\/\/www.europesays.com\/se\/wp-json\/wp\/v2\/media\/32921"}],"wp:attachment":[{"href":"https:\/\/www.europesays.com\/se\/wp-json\/wp\/v2\/media?parent=32920"}],"wp:term":[{"taxonomy":"category","embeddable":true,"href":"https:\/\/www.europesays.com\/se\/wp-json\/wp\/v2\/categories?post=32920"},{"taxonomy":"post_tag","embeddable":true,"href":"https:\/\/www.europesays.com\/se\/wp-json\/wp\/v2\/tags?post=32920"}],"curies":[{"name":"wp","href":"https:\/\/api.w.org\/{rel}","templated":true}]}}