{"id":329339,"date":"2026-08-07T06:36:12","date_gmt":"2026-08-07T06:36:12","guid":{"rendered":"https:\/\/www.europesays.com\/se\/329339\/"},"modified":"2026-08-07T06:36:12","modified_gmt":"2026-08-07T06:36:12","slug":"trump-om-vance-nej-nej-for-tidigt","status":"publish","type":"post","link":"https:\/\/www.europesays.com\/se\/329339\/","title":{"rendered":"Trump om Vance: &#8221;Nej, nej \u2013 f\u00f6r tidigt&#8221;"},"content":{"rendered":"<p>Uppdaterad 7 aug 2026 kl 07.56Publicerad 7 aug 2026 kl 07.26<\/p>\n<p>Vid en presstr\u00e4ff den 6 augusti fick Donald Trump fr\u00e5gan om det st\u00e4mmer att han uppmanat donatorer att r\u00f6sta p\u00e5 JD Vance i valet 2028. Trump f\u00f6rnekade det och sa att Vance \u201d\u00e4r bra\u201d, men att det \u00e4r f\u00f6r tidigt att t\u00e4nka p\u00e5. Vidare pratade Trump om arbetet med h\u00f6ga levnadskostnader som till stor del berodde p\u00e5 skulder och h\u00f6g inflation som han har \u00e4rvt.<\/p>\n<p>            <a href=\"mailto:webbrattelse@expressen.se?subject=Fel%20i%20artikel%3A%20Trump%20om%20Vance%3A%20%22Nej%2C%20nej%20%E2%80%93%20f%C3%B6r%20tidigt%22&amp;body=En%20l%C3%A4sare%20rapporterar%20fel%20i%20https%3A%2F%2Fwww.expressen.se%2Ftv%2Fnyheter%2Fvarlden%2Ftrump-om-vance-nej-nej-for-tidigt%2F%0A%0AKommentar%3A%20\"><br \/>\n              Anm\u00e4l text- och faktafel<br \/>\n            <\/a><a href=\"https:\/\/www.expressen.se\/om-expressen\/sa-jobbar-vi-med-korrekta-publiceringar\/\" rel=\"nofollow noopener\" target=\"_blank\">V\u00e5ra kvalitetsrutiner<\/a><\/p>\n","protected":false},"excerpt":{"rendered":"Uppdaterad 7 aug 2026 kl 07.56Publicerad 7 aug 2026 kl 07.26 Vid en presstr\u00e4ff den 6 augusti fick&hellip;\n","protected":false},"author":2,"featured_media":329340,"comment_status":"","ping_status":"","sticky":false,"template":"","format":"standard","meta":{"footnotes":"","_share_on_mastodon":"0"},"categories":[14],"tags":[387,22,23,385,26,27,17,21,403,24,25,28,29,15,16,18,34,31,33,32,30,19,20,74,51,52,53,54],"class_list":["post-329339","post","type-post","status-publish","format-standard","has-post-thumbnail","category-varlden","tag-amerikansk-politik","tag-breaking-news","tag-breakingnews","tag-donald-trump","tag-featured-news","tag-featurednews","tag-headlines","tag-huvudnyheter","tag-jd-vance","tag-latest-news","tag-latestnews","tag-main-news","tag-mainnews","tag-news","tag-nyheter","tag-rubriker","tag-se","tag-svenska","tag-sverige","tag-sweden","tag-swedish","tag-top-stories","tag-topstories","tag-usa","tag-varlden","tag-world","tag-world-news","tag-worldnews"],"share_on_mastodon":{"url":"https:\/\/pubeurope.com\/@se\/117052845923254835","error":""},"_links":{"self":[{"href":"https:\/\/www.europesays.com\/se\/wp-json\/wp\/v2\/posts\/329339","targetHints":{"allow":["GET"]}}],"collection":[{"href":"https:\/\/www.europesays.com\/se\/wp-json\/wp\/v2\/posts"}],"about":[{"href":"https:\/\/www.europesays.com\/se\/wp-json\/wp\/v2\/types\/post"}],"author":[{"embeddable":true,"href":"https:\/\/www.europesays.com\/se\/wp-json\/wp\/v2\/users\/2"}],"replies":[{"embeddable":true,"href":"https:\/\/www.europesays.com\/se\/wp-json\/wp\/v2\/comments?post=329339"}],"version-history":[{"count":0,"href":"https:\/\/www.europesays.com\/se\/wp-json\/wp\/v2\/posts\/329339\/revisions"}],"wp:featuredmedia":[{"embeddable":true,"href":"https:\/\/www.europesays.com\/se\/wp-json\/wp\/v2\/media\/329340"}],"wp:attachment":[{"href":"https:\/\/www.europesays.com\/se\/wp-json\/wp\/v2\/media?parent=329339"}],"wp:term":[{"taxonomy":"category","embeddable":true,"href":"https:\/\/www.europesays.com\/se\/wp-json\/wp\/v2\/categories?post=329339"},{"taxonomy":"post_tag","embeddable":true,"href":"https:\/\/www.europesays.com\/se\/wp-json\/wp\/v2\/tags?post=329339"}],"curies":[{"name":"wp","href":"https:\/\/api.w.org\/{rel}","templated":true}]}}